{"id":1970,"date":"2021-01-12T20:44:16","date_gmt":"2021-01-12T18:44:16","guid":{"rendered":"http:\/\/www.eurooppalainensuomi.fi\/?p=1970"},"modified":"2021-02-02T12:48:41","modified_gmt":"2021-02-02T10:48:41","slug":"pekka-ristela-muuttuvassa-tyoelamassa-tarvitaan-eun-pelisaantoja","status":"publish","type":"post","link":"https:\/\/www.eurooppalainensuomi.fi\/?p=1970","title":{"rendered":"Pekka Ristel\u00e4: Muuttuvassa ty\u00f6el\u00e4m\u00e4ss\u00e4 tarvitaan EU:n pelis\u00e4\u00e4nt\u00f6j\u00e4"},"content":{"rendered":"\n<div class=\"wp-block-image\"><figure class=\"aligncenter size-large is-resized\"><a href=\"https:\/\/www.eurooppalainensuomi.fi\/wp-content\/uploads\/2021\/01\/50371433661_b5bce9f196_b.jpg\"><img loading=\"lazy\" src=\"https:\/\/www.eurooppalainensuomi.fi\/wp-content\/uploads\/2021\/01\/50371433661_b5bce9f196_b.jpg\" alt=\"\" class=\"wp-image-2450\" width=\"808\" height=\"539\"\/><\/a><figcaption>SAK:n kansainv\u00e4listen asioiden p\u00e4\u00e4llikk\u00f6 Pekka Ristel\u00e4<\/figcaption><\/figure><\/div>\n\n\n\n<p>Vuoden 2020 p\u00e4\u00e4ttyess\u00e4 ei tarvitse pitk\u00e4\u00e4n mietti\u00e4, mik\u00e4 teema vuoden Eurooppa-politiikkaa hallitsi. Se oli tietysti koronavirus ja kaikki ne toimet, joihin EU ja sen j\u00e4senmaat pandemian torjumiseksi ryhtyiv\u00e4t.<\/p>\n\n\n\n<p>Eurooppalaisen ty\u00f6markkinapolitiikan n\u00e4k\u00f6kulmasta p\u00e4\u00e4ttyv\u00e4n vuoden keskusteluita leimasi kuitenkin my\u00f6s toinen aihe, komission lokakuun lopussa esitt\u00e4m\u00e4 v\u00e4himm\u00e4ispalkkadirektiivi. Muutenkin ty\u00f6el\u00e4m\u00e4asiat ovat olleet EU:n asialistalla nousussa. Unionin p\u00e4\u00e4tt\u00e4jien keskuudessa on selv\u00e4sti yleistynyt n\u00e4kemys siit\u00e4, ett\u00e4 ty\u00f6el\u00e4m\u00e4n muutokset edellytt\u00e4v\u00e4t uusia EU-tason toimia.<\/p>\n\n\n\n<p>Suomessa ja sit\u00e4kin enemm\u00e4n muissa Pohjoismaissa n\u00e4ihin uusiin aloitteisiin suhtaudutaan joskus ep\u00e4ilev\u00e4sti. Aloitteiden k\u00e4sittelemi\u00e4 kysymyksi\u00e4 voidaan pit\u00e4\u00e4 t\u00e4rkein\u00e4, mutta onko EU-tason lains\u00e4\u00e4d\u00e4nt\u00f6 todella oikea ratkaisu? Miksi unioni puuttuu ty\u00f6el\u00e4m\u00e4asioihin, jotka on t\u00e4h\u00e4n asti p\u00e4\u00e4tetty kansallisesti?<\/p>\n\n\n\n<p>Vastaus n\u00e4ihin kysymyksiin l\u00f6ytyy siit\u00e4 logiikasta, mill\u00e4 Euroopan yhdentyminen on edennyt.<\/p>\n\n\n\n<p>Ty\u00f6el\u00e4m\u00e4n s\u00e4\u00e4nn\u00f6kset olivat alusta asti mukana sopimuksissa, joilla Euroopan maat askel askeleelta rakensivat EU:ta ja sen edelt\u00e4ji\u00e4. Kun j\u00e4senmaat loivat vapaaseen kilpailuun perustuvat eurooppalaiset sis\u00e4markkinat, ne halusivat varmistaa, ettei maiden v\u00e4lill\u00e4 kiihtyv\u00e4 kustannuskilpailu suosi ty\u00f6ntekij\u00f6iden oikeuksista ja hyvinvoinnista tinkivi\u00e4 maita. Eurooppalaiset ty\u00f6el\u00e4m\u00e4s\u00e4\u00e4nn\u00f6t olivat siis ennen muuta reilun kilpailun tae.<\/p>\n\n\n\n<p>Varhainen esimerkki EU:n ty\u00f6el\u00e4m\u00e4lakien ideasta l\u00f6ytyy Rooman sopimuksesta vuodelta 1957. Ranskan esimerkin mukaisesti sopimukseen kirjattiin periaate, jonka mukaan samanarvoisesta ty\u00f6st\u00e4 on maksettava naisille ja miehille sama palkka. Kirjaus loi t\u00e4rke\u00e4n perustan yhdentyv\u00e4n Euroopan tasa-arvoty\u00f6lle, mutta samalla kyse oli siit\u00e4, ett\u00e4 Ranska halusi suojautua naisten alipalkkauksen muodossa tapahtuvalta ty\u00f6n polkumyynnilt\u00e4.<\/p>\n\n\n\n<p>Sittemmin unioni ja ty\u00f6el\u00e4m\u00e4 ovat muuttuneet monin tavoin, mutta EU-lains\u00e4\u00e4d\u00e4nn\u00f6n logiikka on pysynyt samana. Yhteisill\u00e4 eurooppalaisilla s\u00e4\u00e4nn\u00f6ill\u00e4 on haluttu est\u00e4\u00e4 ty\u00f6n polkumyynti.<\/p>\n\n\n\n<p>Kun ty\u00f6voiman liikkuvuus 1990-luvulla lis\u00e4\u00e4ntyi, kasvoi huoli toisista EU-maista l\u00e4hetettyjen ty\u00f6ntekij\u00f6iden k\u00e4yt\u00f6st\u00e4 halpaty\u00f6voimana. Ratkaisuksi s\u00e4\u00e4dettiin l\u00e4hetettyjen ty\u00f6ntekij\u00f6iden direktiivi, jossa periaatteena oli j\u00e4lleen sama palkka samasta ty\u00f6st\u00e4.<\/p>\n\n\n\n<p>Samalla vuosikymmenell\u00e4 my\u00f6s osa-aikaty\u00f6n ja m\u00e4\u00e4r\u00e4aikaisten ty\u00f6sopimusten lis\u00e4\u00e4ntyminen n\u00e4htiin ty\u00f6ntekij\u00f6it\u00e4 eriarvoistavana ja ep\u00e4reilua kilpailua merkitsev\u00e4n\u00e4 ilmi\u00f6n\u00e4. N\u00e4ihin ratkaisuksi syntyi vuosikymmenen lopussa kaksi eri ty\u00f6suhdemuodoissa ty\u00f6skentelevien ty\u00f6ntekij\u00f6iden yht\u00e4l\u00e4isi\u00e4 ty\u00f6ehtoja tavoittelevaa direktiivi\u00e4, jotka molemmat pohjautuivat EU-tason ty\u00f6markkinaosapuolten tekemiin sopimuksiin.<\/p>\n\n\n\n<p>2000-luvun ensimm\u00e4isell\u00e4 vuosikymmenell\u00e4 EU:n reagointi ty\u00f6el\u00e4m\u00e4n muutoksiin v\u00e4lill\u00e4 hidastui, mutta ei pys\u00e4htynyt. Seuraava ty\u00f6ntekij\u00f6iden oikeuksia ja sit\u00e4 kautta reilua kilpailua vaarantavana n\u00e4hty ilmi\u00f6 oli lis\u00e4\u00e4ntyv\u00e4 vuokraty\u00f6, ja 2008 s\u00e4\u00e4dettiinkin direktiivi, joka vaatii j\u00e4senmaita turvaamaan yhdenvertaiset ty\u00f6ehdot vuokraty\u00f6ntekij\u00f6ille.<\/p>\n\n\n\n<p>2020-luvulle tultaessa keskustelua her\u00e4tt\u00e4v\u00e4 uudenlainen ty\u00f6nteon muoto on alustaty\u00f6, joka usein merkitsee ty\u00f6n teett\u00e4mist\u00e4 muodollisesti yritt\u00e4j\u00e4m\u00e4isess\u00e4 toimeksiantosuhteessa, vaikka tosiasiassa ty\u00f6t\u00e4 teht\u00e4isiin ty\u00f6nantajan ohjaamana tavanomaisen ty\u00f6suhteen tavoin. Kun ty\u00f6n hintaa t\u00e4llaisella perusteettomalla m\u00e4\u00e4rittelyll\u00e4 lasketaan, on selv\u00e4, ett\u00e4 j\u00e4lleen on her\u00e4nnyt kysymyksi\u00e4 ty\u00f6ntekij\u00f6iden oikeuksista ja reilusta kilpailusta. Euroopan komission vuoden 2021 ty\u00f6ohjelmassa onkin lains\u00e4\u00e4d\u00e4nt\u00f6aloite alustaty\u00f6ntekij\u00f6iden oikeuksista.<\/p>\n\n\n\n<p>EU on siis eri vuosikymmenin\u00e4 hy\u00f6dynt\u00e4nyt j\u00e4senmaiden sille antavaa toimivaltaa s\u00e4\u00e4t\u00e4\u00e4kseen ty\u00f6el\u00e4m\u00e4n v\u00e4himm\u00e4isnormeja, joiden tarkoitus on est\u00e4\u00e4 ep\u00e4reilu kilpailu sis\u00e4markkinoilla. Uuden lains\u00e4\u00e4d\u00e4nn\u00f6n tarve on tyypillisesti noussut siit\u00e4, ett\u00e4 ty\u00f6el\u00e4m\u00e4n muuttuessa jonkin ty\u00f6ntekij\u00e4ryhm\u00e4n eriarvoinen kohtelu on muodostunut kustannuskilpailun v\u00e4lineeksi.<\/p>\n\n\n\n<p>Komission lokakuussa esitt\u00e4m\u00e4 v\u00e4himm\u00e4ispalkkadirektiivi jatkaa tutuksi tullutta reilun kilpailun logiikkaa, mutta tekee sen entist\u00e4 suoraviivaisemmin. Eri ty\u00f6ntekij\u00e4ryhmiin tai ty\u00f6suhdemuotoihin liittyvien ep\u00e4kohtien sijaan aloite kiinnitt\u00e4\u00e4 huomiota siihen, ovatko j\u00e4senmaiden palkat ylip\u00e4\u00e4t\u00e4\u00e4n s\u00e4\u00e4llisell\u00e4 tasolla.<\/p>\n\n\n\n<p>Riitt\u00e4v\u00e4n palkkatason mittatikkuja on komission esityksess\u00e4 kaksi. Kohtuullinen palkkataso voidaan turvata ty\u00f6markkinaosapuolten v\u00e4lisill\u00e4 alakohtaisilla neuvotteluilla, kuten Suomessakin tehd\u00e4\u00e4n, tai toisaalta v\u00e4himm\u00e4ispalkkalailla, joka monissa muissa EU-maissa on k\u00e4yt\u00f6ss\u00e4. Direktiivill\u00e4\u00e4n komissio edellytt\u00e4isi j\u00e4senmailta ty\u00f6ehtoneuvottelujen edist\u00e4mist\u00e4 ja lis\u00e4ksi entist\u00e4 paremmin perusteltua lakis\u00e4\u00e4teisen v\u00e4himm\u00e4ispalkan tasoa niilt\u00e4 mailta, joissa sellainen on k\u00e4yt\u00f6ss\u00e4. Tietty\u00e4 palkkatasoa direktiivi ei j\u00e4senmaille sanele, eik\u00e4 se pakota niit\u00e4 v\u00e4himm\u00e4ispalkkalain s\u00e4\u00e4t\u00e4miseen.<\/p>\n\n\n\n<p>Alustaty\u00f6 ja v\u00e4himm\u00e4ispalkat ovat juuri nyt tapetilla, mutta EU:n ty\u00f6markkinapolitiikan seuraavat tarpeet nostavat jo p\u00e4\u00e4t\u00e4\u00e4n. Ymm\u00e4rrett\u00e4vist\u00e4 syist\u00e4 juuri nyt puhutaan paljon et\u00e4ty\u00f6n haasteista, ja koronakriisin aikana my\u00f6s keskustelu ty\u00f6n henkisest\u00e4 kuormittavuudesta on lis\u00e4\u00e4ntynyt. Ty\u00f6el\u00e4m\u00e4n muutos ei pys\u00e4hdy, eik\u00e4 tarve yhteisille eurooppalaisille pelis\u00e4\u00e4nn\u00f6ille lopu.<\/p>\n","protected":false},"excerpt":{"rendered":"<p>Vuoden 2020 p\u00e4\u00e4ttyess\u00e4 ei tarvitse pitk\u00e4\u00e4n mietti\u00e4, mik\u00e4 teema vuoden Eurooppa-politiikkaa hallitsi. Se oli tietysti koronavirus ja kaikki ne toimet, joihin EU ja sen j\u00e4senmaat pandemian torjumiseksi ryhtyiv\u00e4t. Eurooppalaisen ty\u00f6markkinapolitiikan n\u00e4k\u00f6kulmasta p\u00e4\u00e4ttyv\u00e4n vuoden keskusteluita leimasi kuitenkin my\u00f6s toinen aihe, komission lokakuun lopussa esitt\u00e4m\u00e4 v\u00e4himm\u00e4ispalkkadirektiivi. Muutenkin ty\u00f6el\u00e4m\u00e4asiat ovat olleet EU:n asialistalla nousussa. Unionin p\u00e4\u00e4tt\u00e4jien keskuudessa on [&hellip;]<\/p>\n","protected":false},"author":4,"featured_media":0,"comment_status":"open","ping_status":"open","sticky":false,"template":"","format":"standard","meta":{"_et_pb_use_builder":"","_et_pb_old_content":"","_et_gb_content_width":""},"categories":[8,10],"tags":[],"yoast_head":"<!-- This site is optimized with the Yoast SEO plugin v19.13 - https:\/\/yoast.com\/wordpress\/plugins\/seo\/ -->\n<title>Pekka Ristel\u00e4: Muuttuvassa ty\u00f6el\u00e4m\u00e4ss\u00e4 tarvitaan EU:n pelis\u00e4\u00e4nt\u00f6j\u00e4 - Eurooppalainen Suomi<\/title>\n<meta name=\"robots\" content=\"index, follow, max-snippet:-1, max-image-preview:large, max-video-preview:-1\" \/>\n<link rel=\"canonical\" href=\"https:\/\/www.eurooppalainensuomi.fi\/?p=1970\" \/>\n<meta property=\"og:locale\" content=\"en_US\" \/>\n<meta property=\"og:type\" content=\"article\" \/>\n<meta property=\"og:title\" content=\"Pekka Ristel\u00e4: Muuttuvassa ty\u00f6el\u00e4m\u00e4ss\u00e4 tarvitaan EU:n pelis\u00e4\u00e4nt\u00f6j\u00e4 - Eurooppalainen Suomi\" \/>\n<meta property=\"og:description\" content=\"Vuoden 2020 p\u00e4\u00e4ttyess\u00e4 ei tarvitse pitk\u00e4\u00e4n mietti\u00e4, mik\u00e4 teema vuoden Eurooppa-politiikkaa hallitsi. Se oli tietysti koronavirus ja kaikki ne toimet, joihin EU ja sen j\u00e4senmaat pandemian torjumiseksi ryhtyiv\u00e4t. Eurooppalaisen ty\u00f6markkinapolitiikan n\u00e4k\u00f6kulmasta p\u00e4\u00e4ttyv\u00e4n vuoden keskusteluita leimasi kuitenkin my\u00f6s toinen aihe, komission lokakuun lopussa esitt\u00e4m\u00e4 v\u00e4himm\u00e4ispalkkadirektiivi. Muutenkin ty\u00f6el\u00e4m\u00e4asiat ovat olleet EU:n asialistalla nousussa. Unionin p\u00e4\u00e4tt\u00e4jien keskuudessa on [&hellip;]\" \/>\n<meta property=\"og:url\" content=\"https:\/\/www.eurooppalainensuomi.fi\/?p=1970\" \/>\n<meta property=\"og:site_name\" content=\"Eurooppalainen Suomi\" \/>\n<meta property=\"article:publisher\" content=\"https:\/\/www.facebook.com\/eurooppalainensuomi\" \/>\n<meta property=\"article:published_time\" content=\"2021-01-12T18:44:16+00:00\" \/>\n<meta property=\"article:modified_time\" content=\"2021-02-02T10:48:41+00:00\" \/>\n<meta property=\"og:image\" content=\"https:\/\/www.eurooppalainensuomi.fi\/wp-content\/uploads\/2021\/01\/50371433661_b5bce9f196_b.jpg\" \/>\n<meta name=\"author\" content=\"Admin\" \/>\n<meta name=\"twitter:card\" content=\"summary_large_image\" \/>\n<meta name=\"twitter:creator\" content=\"@em_finland\" \/>\n<meta name=\"twitter:site\" content=\"@em_finland\" \/>\n<meta name=\"twitter:label1\" content=\"Written by\" \/>\n\t<meta name=\"twitter:data1\" content=\"Admin\" \/>\n\t<meta name=\"twitter:label2\" content=\"Est. reading time\" \/>\n\t<meta name=\"twitter:data2\" content=\"3 minutes\" \/>\n<script type=\"application\/ld+json\" class=\"yoast-schema-graph\">{\"@context\":\"https:\/\/schema.org\",\"@graph\":[{\"@type\":\"Article\",\"@id\":\"https:\/\/www.eurooppalainensuomi.fi\/?p=1970#article\",\"isPartOf\":{\"@id\":\"https:\/\/www.eurooppalainensuomi.fi\/?p=1970\"},\"author\":{\"name\":\"Admin\",\"@id\":\"https:\/\/www.eurooppalainensuomi.fi\/#\/schema\/person\/9635843384121bb89ed49f8d3129daee\"},\"headline\":\"Pekka Ristel\u00e4: Muuttuvassa ty\u00f6el\u00e4m\u00e4ss\u00e4 tarvitaan EU:n pelis\u00e4\u00e4nt\u00f6j\u00e4\",\"datePublished\":\"2021-01-12T18:44:16+00:00\",\"dateModified\":\"2021-02-02T10:48:41+00:00\",\"mainEntityOfPage\":{\"@id\":\"https:\/\/www.eurooppalainensuomi.fi\/?p=1970\"},\"wordCount\":808,\"commentCount\":0,\"publisher\":{\"@id\":\"https:\/\/www.eurooppalainensuomi.fi\/#organization\"},\"articleSection\":[\"Ajankohtaista\",\"Julkaisut\"],\"inLanguage\":\"en\",\"potentialAction\":[{\"@type\":\"CommentAction\",\"name\":\"Comment\",\"target\":[\"https:\/\/www.eurooppalainensuomi.fi\/?p=1970#respond\"]}]},{\"@type\":\"WebPage\",\"@id\":\"https:\/\/www.eurooppalainensuomi.fi\/?p=1970\",\"url\":\"https:\/\/www.eurooppalainensuomi.fi\/?p=1970\",\"name\":\"Pekka Ristel\u00e4: Muuttuvassa ty\u00f6el\u00e4m\u00e4ss\u00e4 tarvitaan EU:n pelis\u00e4\u00e4nt\u00f6j\u00e4 - Eurooppalainen Suomi\",\"isPartOf\":{\"@id\":\"https:\/\/www.eurooppalainensuomi.fi\/#website\"},\"datePublished\":\"2021-01-12T18:44:16+00:00\",\"dateModified\":\"2021-02-02T10:48:41+00:00\",\"breadcrumb\":{\"@id\":\"https:\/\/www.eurooppalainensuomi.fi\/?p=1970#breadcrumb\"},\"inLanguage\":\"en\",\"potentialAction\":[{\"@type\":\"ReadAction\",\"target\":[\"https:\/\/www.eurooppalainensuomi.fi\/?p=1970\"]}]},{\"@type\":\"BreadcrumbList\",\"@id\":\"https:\/\/www.eurooppalainensuomi.fi\/?p=1970#breadcrumb\",\"itemListElement\":[{\"@type\":\"ListItem\",\"position\":1,\"name\":\"Etusivu\",\"item\":\"https:\/\/www.eurooppalainensuomi.fi\/\"},{\"@type\":\"ListItem\",\"position\":2,\"name\":\"Pekka Ristel\u00e4: Muuttuvassa ty\u00f6el\u00e4m\u00e4ss\u00e4 tarvitaan EU:n pelis\u00e4\u00e4nt\u00f6j\u00e4\"}]},{\"@type\":\"WebSite\",\"@id\":\"https:\/\/www.eurooppalainensuomi.fi\/#website\",\"url\":\"https:\/\/www.eurooppalainensuomi.fi\/\",\"name\":\"Eurooppalainen Suomi\",\"description\":\"Parempaa Eurooppaa rakentamassa\",\"publisher\":{\"@id\":\"https:\/\/www.eurooppalainensuomi.fi\/#organization\"},\"potentialAction\":[{\"@type\":\"SearchAction\",\"target\":{\"@type\":\"EntryPoint\",\"urlTemplate\":\"https:\/\/www.eurooppalainensuomi.fi\/?s={search_term_string}\"},\"query-input\":\"required name=search_term_string\"}],\"inLanguage\":\"en\"},{\"@type\":\"Organization\",\"@id\":\"https:\/\/www.eurooppalainensuomi.fi\/#organization\",\"name\":\"Eurooppalainen Suomi ry\",\"url\":\"https:\/\/www.eurooppalainensuomi.fi\/\",\"logo\":{\"@type\":\"ImageObject\",\"inLanguage\":\"en\",\"@id\":\"https:\/\/www.eurooppalainensuomi.fi\/#\/schema\/logo\/image\/\",\"url\":\"https:\/\/www.eurooppalainensuomi.fi\/wp-content\/uploads\/2021\/01\/PNG_large.png\",\"contentUrl\":\"https:\/\/www.eurooppalainensuomi.fi\/wp-content\/uploads\/2021\/01\/PNG_large.png\",\"width\":586,\"height\":220,\"caption\":\"Eurooppalainen Suomi ry\"},\"image\":{\"@id\":\"https:\/\/www.eurooppalainensuomi.fi\/#\/schema\/logo\/image\/\"},\"sameAs\":[\"https:\/\/instagram.com\/eurooppalainensuomi\",\"https:\/\/www.youtube.com\/channel\/UCBeqyrm1ze2RinjeAYS_-Jg\",\"https:\/\/fi.wikipedia.org\/wiki\/Eurooppalainen_Suomi\",\"https:\/\/www.facebook.com\/eurooppalainensuomi\",\"https:\/\/twitter.com\/em_finland\"]},{\"@type\":\"Person\",\"@id\":\"https:\/\/www.eurooppalainensuomi.fi\/#\/schema\/person\/9635843384121bb89ed49f8d3129daee\",\"name\":\"Admin\",\"image\":{\"@type\":\"ImageObject\",\"inLanguage\":\"en\",\"@id\":\"https:\/\/www.eurooppalainensuomi.fi\/#\/schema\/person\/image\/\",\"url\":\"https:\/\/secure.gravatar.com\/avatar\/813eb247d5c8e5914db8a949c18b8e26?s=96&d=mm&r=g\",\"contentUrl\":\"https:\/\/secure.gravatar.com\/avatar\/813eb247d5c8e5914db8a949c18b8e26?s=96&d=mm&r=g\",\"caption\":\"Admin\"}}]}<\/script>\n<!-- \/ Yoast SEO plugin. -->","yoast_head_json":{"title":"Pekka Ristel\u00e4: Muuttuvassa ty\u00f6el\u00e4m\u00e4ss\u00e4 tarvitaan EU:n pelis\u00e4\u00e4nt\u00f6j\u00e4 - Eurooppalainen Suomi","robots":{"index":"index","follow":"follow","max-snippet":"max-snippet:-1","max-image-preview":"max-image-preview:large","max-video-preview":"max-video-preview:-1"},"canonical":"https:\/\/www.eurooppalainensuomi.fi\/?p=1970","og_locale":"en_US","og_type":"article","og_title":"Pekka Ristel\u00e4: Muuttuvassa ty\u00f6el\u00e4m\u00e4ss\u00e4 tarvitaan EU:n pelis\u00e4\u00e4nt\u00f6j\u00e4 - Eurooppalainen Suomi","og_description":"Vuoden 2020 p\u00e4\u00e4ttyess\u00e4 ei tarvitse pitk\u00e4\u00e4n mietti\u00e4, mik\u00e4 teema vuoden Eurooppa-politiikkaa hallitsi. Se oli tietysti koronavirus ja kaikki ne toimet, joihin EU ja sen j\u00e4senmaat pandemian torjumiseksi ryhtyiv\u00e4t. Eurooppalaisen ty\u00f6markkinapolitiikan n\u00e4k\u00f6kulmasta p\u00e4\u00e4ttyv\u00e4n vuoden keskusteluita leimasi kuitenkin my\u00f6s toinen aihe, komission lokakuun lopussa esitt\u00e4m\u00e4 v\u00e4himm\u00e4ispalkkadirektiivi. Muutenkin ty\u00f6el\u00e4m\u00e4asiat ovat olleet EU:n asialistalla nousussa. Unionin p\u00e4\u00e4tt\u00e4jien keskuudessa on [&hellip;]","og_url":"https:\/\/www.eurooppalainensuomi.fi\/?p=1970","og_site_name":"Eurooppalainen Suomi","article_publisher":"https:\/\/www.facebook.com\/eurooppalainensuomi","article_published_time":"2021-01-12T18:44:16+00:00","article_modified_time":"2021-02-02T10:48:41+00:00","og_image":[{"url":"https:\/\/www.eurooppalainensuomi.fi\/wp-content\/uploads\/2021\/01\/50371433661_b5bce9f196_b.jpg"}],"author":"Admin","twitter_card":"summary_large_image","twitter_creator":"@em_finland","twitter_site":"@em_finland","twitter_misc":{"Written by":"Admin","Est. reading time":"3 minutes"},"schema":{"@context":"https:\/\/schema.org","@graph":[{"@type":"Article","@id":"https:\/\/www.eurooppalainensuomi.fi\/?p=1970#article","isPartOf":{"@id":"https:\/\/www.eurooppalainensuomi.fi\/?p=1970"},"author":{"name":"Admin","@id":"https:\/\/www.eurooppalainensuomi.fi\/#\/schema\/person\/9635843384121bb89ed49f8d3129daee"},"headline":"Pekka Ristel\u00e4: Muuttuvassa ty\u00f6el\u00e4m\u00e4ss\u00e4 tarvitaan EU:n pelis\u00e4\u00e4nt\u00f6j\u00e4","datePublished":"2021-01-12T18:44:16+00:00","dateModified":"2021-02-02T10:48:41+00:00","mainEntityOfPage":{"@id":"https:\/\/www.eurooppalainensuomi.fi\/?p=1970"},"wordCount":808,"commentCount":0,"publisher":{"@id":"https:\/\/www.eurooppalainensuomi.fi\/#organization"},"articleSection":["Ajankohtaista","Julkaisut"],"inLanguage":"en","potentialAction":[{"@type":"CommentAction","name":"Comment","target":["https:\/\/www.eurooppalainensuomi.fi\/?p=1970#respond"]}]},{"@type":"WebPage","@id":"https:\/\/www.eurooppalainensuomi.fi\/?p=1970","url":"https:\/\/www.eurooppalainensuomi.fi\/?p=1970","name":"Pekka Ristel\u00e4: Muuttuvassa ty\u00f6el\u00e4m\u00e4ss\u00e4 tarvitaan EU:n pelis\u00e4\u00e4nt\u00f6j\u00e4 - Eurooppalainen Suomi","isPartOf":{"@id":"https:\/\/www.eurooppalainensuomi.fi\/#website"},"datePublished":"2021-01-12T18:44:16+00:00","dateModified":"2021-02-02T10:48:41+00:00","breadcrumb":{"@id":"https:\/\/www.eurooppalainensuomi.fi\/?p=1970#breadcrumb"},"inLanguage":"en","potentialAction":[{"@type":"ReadAction","target":["https:\/\/www.eurooppalainensuomi.fi\/?p=1970"]}]},{"@type":"BreadcrumbList","@id":"https:\/\/www.eurooppalainensuomi.fi\/?p=1970#breadcrumb","itemListElement":[{"@type":"ListItem","position":1,"name":"Etusivu","item":"https:\/\/www.eurooppalainensuomi.fi\/"},{"@type":"ListItem","position":2,"name":"Pekka Ristel\u00e4: Muuttuvassa ty\u00f6el\u00e4m\u00e4ss\u00e4 tarvitaan EU:n pelis\u00e4\u00e4nt\u00f6j\u00e4"}]},{"@type":"WebSite","@id":"https:\/\/www.eurooppalainensuomi.fi\/#website","url":"https:\/\/www.eurooppalainensuomi.fi\/","name":"Eurooppalainen Suomi","description":"Parempaa Eurooppaa rakentamassa","publisher":{"@id":"https:\/\/www.eurooppalainensuomi.fi\/#organization"},"potentialAction":[{"@type":"SearchAction","target":{"@type":"EntryPoint","urlTemplate":"https:\/\/www.eurooppalainensuomi.fi\/?s={search_term_string}"},"query-input":"required name=search_term_string"}],"inLanguage":"en"},{"@type":"Organization","@id":"https:\/\/www.eurooppalainensuomi.fi\/#organization","name":"Eurooppalainen Suomi ry","url":"https:\/\/www.eurooppalainensuomi.fi\/","logo":{"@type":"ImageObject","inLanguage":"en","@id":"https:\/\/www.eurooppalainensuomi.fi\/#\/schema\/logo\/image\/","url":"https:\/\/www.eurooppalainensuomi.fi\/wp-content\/uploads\/2021\/01\/PNG_large.png","contentUrl":"https:\/\/www.eurooppalainensuomi.fi\/wp-content\/uploads\/2021\/01\/PNG_large.png","width":586,"height":220,"caption":"Eurooppalainen Suomi ry"},"image":{"@id":"https:\/\/www.eurooppalainensuomi.fi\/#\/schema\/logo\/image\/"},"sameAs":["https:\/\/instagram.com\/eurooppalainensuomi","https:\/\/www.youtube.com\/channel\/UCBeqyrm1ze2RinjeAYS_-Jg","https:\/\/fi.wikipedia.org\/wiki\/Eurooppalainen_Suomi","https:\/\/www.facebook.com\/eurooppalainensuomi","https:\/\/twitter.com\/em_finland"]},{"@type":"Person","@id":"https:\/\/www.eurooppalainensuomi.fi\/#\/schema\/person\/9635843384121bb89ed49f8d3129daee","name":"Admin","image":{"@type":"ImageObject","inLanguage":"en","@id":"https:\/\/www.eurooppalainensuomi.fi\/#\/schema\/person\/image\/","url":"https:\/\/secure.gravatar.com\/avatar\/813eb247d5c8e5914db8a949c18b8e26?s=96&d=mm&r=g","contentUrl":"https:\/\/secure.gravatar.com\/avatar\/813eb247d5c8e5914db8a949c18b8e26?s=96&d=mm&r=g","caption":"Admin"}}]}},"jetpack_featured_media_url":"","_links":{"self":[{"href":"https:\/\/www.eurooppalainensuomi.fi\/index.php?rest_route=\/wp\/v2\/posts\/1970"}],"collection":[{"href":"https:\/\/www.eurooppalainensuomi.fi\/index.php?rest_route=\/wp\/v2\/posts"}],"about":[{"href":"https:\/\/www.eurooppalainensuomi.fi\/index.php?rest_route=\/wp\/v2\/types\/post"}],"author":[{"embeddable":true,"href":"https:\/\/www.eurooppalainensuomi.fi\/index.php?rest_route=\/wp\/v2\/users\/4"}],"replies":[{"embeddable":true,"href":"https:\/\/www.eurooppalainensuomi.fi\/index.php?rest_route=%2Fwp%2Fv2%2Fcomments&post=1970"}],"version-history":[{"count":2,"href":"https:\/\/www.eurooppalainensuomi.fi\/index.php?rest_route=\/wp\/v2\/posts\/1970\/revisions"}],"predecessor-version":[{"id":2452,"href":"https:\/\/www.eurooppalainensuomi.fi\/index.php?rest_route=\/wp\/v2\/posts\/1970\/revisions\/2452"}],"wp:attachment":[{"href":"https:\/\/www.eurooppalainensuomi.fi\/index.php?rest_route=%2Fwp%2Fv2%2Fmedia&parent=1970"}],"wp:term":[{"taxonomy":"category","embeddable":true,"href":"https:\/\/www.eurooppalainensuomi.fi\/index.php?rest_route=%2Fwp%2Fv2%2Fcategories&post=1970"},{"taxonomy":"post_tag","embeddable":true,"href":"https:\/\/www.eurooppalainensuomi.fi\/index.php?rest_route=%2Fwp%2Fv2%2Ftags&post=1970"}],"curies":[{"name":"wp","href":"https:\/\/api.w.org\/{rel}","templated":true}]}}