{"id":1967,"date":"2021-01-11T15:34:29","date_gmt":"2021-01-11T13:34:29","guid":{"rendered":"http:\/\/www.eurooppalainensuomi.fi\/?p=1967"},"modified":"2021-01-11T15:34:29","modified_gmt":"2021-01-11T13:34:29","slug":"eu2021pt-rokotussuunnitelma-eu-uk","status":"publish","type":"post","link":"https:\/\/www.eurooppalainensuomi.fi\/?p=1967","title":{"rendered":"EU2021PT | Rokotussuunnitelma |  EU-UK"},"content":{"rendered":"\n<div class=\"wp-block-image\"><figure class=\"aligncenter size-large\"><a href=\"https:\/\/www.eurooppalainensuomi.fi\/wp-content\/uploads\/2020\/10\/VIIKOSSA-1.jpg\"><img src=\"https:\/\/www.eurooppalainensuomi.fi\/wp-content\/uploads\/2020\/10\/VIIKOSSA-1-1024x299.jpg\" alt=\"\" class=\"wp-image-1798\"\/><\/a><\/figure><\/div>\n\n\n\n<p>T\u00e4ll\u00e4 viikolla parlamentin j\u00e4senet osallistuvat valiokuntien kokouksiin ja valmistautuvat vuoden ensimm\u00e4iseen t\u00e4ysistuntoon (18.-21.1.). Eri komiteoiden kokouksissa keskityt\u00e4\u00e4n kysymyksiin, kuten EU:n rokotestrategiaan, biologiseen monimuotoisuuteen ja EU:n ja Yhdistyneen kuningaskunnan kauppa- ja yhteisty\u00f6sopimusluonnokseen. Torstaina komission j\u00e4senten kollegio kokoontuu vuoden ensimm\u00e4iseen kokoukseen. Komission puheenjohtaja Von der Leyen matkustaa perjantaina Lissaboniin tapaamaan Portugalin hallitusta.<\/p>\n\n\n\n<p><strong>Euroopan parlamentti<\/strong>&nbsp;<\/p>\n\n\n\n<p>Budjettivaliokunta sek\u00e4 talous- ja raha-asioiden valiokunta \u00e4\u00e4nest\u00e4v\u00e4t t\u00e4n\u00e4\u00e4n EU:n pitk\u00e4n aikav\u00e4lin talousarvion keskeisist\u00e4 elvytysohjelmista toimielinten v\u00e4lisiss\u00e4 neuvotteluissa. Ymp\u00e4rist\u00f6-, kansanterveys- ja elintarviketurvakomitea (ENVI) keskustelee huomenna EU:n menettelyst\u00e4 COVID-19 rokotteiden hyv\u00e4ksymiseksi komission EU:n johtavan neuvottelijan kanssa. My\u00f6hemmin t\u00e4ll\u00e4 viikolla ENVI-valiokunta j\u00e4rjest\u00e4\u00e4 julkisen kuulemistilaisuuden biologista monimuotoisuutta koskevasta strategiasta (2030) ja keskustelee parlamentin p\u00e4\u00e4t\u00f6slauselmaluonnoksesta komission strategiaan.<\/p>\n\n\n\n<p>T\u00e4ll\u00e4 viikolla kansainv\u00e4lisen kaupan komitea ja ulkoasiainvaliokunta keskustelevat luonnoksesta EU:n ja Yhdistyneen kuningaskunnan kauppa- ja yhteisty\u00f6sopimukseksi. Molemmat valiokunnat ovat p\u00e4\u00e4tt\u00e4v\u00e4t, ett\u00e4 antavatko ne suosituksen parlamentille tekstin hyv\u00e4ksymisest\u00e4.<\/p>\n\n\n\n<p><strong>Euroopan komissio<\/strong><\/p>\n\n\n\n<p>Torstaina kollegio kokoontuu vuoden ensimm\u00e4iseen kokoukseen.&nbsp; Mukaan on kutsuttu Euroopan parlamentin puheenjohtaja, David Sassoli, keskustelemaan EU:n vuoden 2021 poliittisen asialistan t\u00e4yt\u00e4nt\u00f6\u00f6npanosta. Kollegion kokouksessa keskustellaan my\u00f6s maailmanlaajuisesta Team Europe -elvytyspaketista, jonka tarkoituksena on auttaa kumppanimaita torjumaan koronapandemiaa. Torstai-iltap\u00e4iv\u00e4n\u00e4 on tarkoitus keskustella eurooppalaisen vihre\u00e4n sopimuksen toteuttamisesta. Lis\u00e4ksi komissio esitt\u00e4\u00e4 tiedonannon v\u00e4hemmist\u00f6pakettia vastauksena Euroopan kansalaisaloitteeseen, jossa ehdotetaan lakeja ja s\u00e4\u00e4d\u00f6ksi\u00e4 v\u00e4hemmist\u00f6jen oikeuksien ja kulttuurien parantamiseksi.<\/p>\n\n\n\n<p><strong>Portugalin neuvoston puheenjohtajavaltio &#8211; EU2021PT<\/strong><\/p>\n\n\n\n<p>Portugali aloitti kuusi kuukautta kest\u00e4v\u00e4n EU:n puheenjohtakauden 1. tammikuuta ja muodostaa puheenjohtajatrion yhdess\u00e4 Saksan ja Slovenian kanssa. J\u00e4lkimm\u00e4inen aloittaa puheenjohtajakautensa hein\u00e4kuussa. Portugalin tavoite puheenjohtajakaudella on tuottaa oikeudenmukainen, vihre\u00e4 ja digitaalinen toipuminen COVID-19:sta. Puheenjohtajakaudella Portugal keskittyy koronavirusrokotusten koordinointiin ja elpymisrahaston menojen raitella pit\u00e4miseen. Perjantaina komission puheenjohtaja von der Leyenia odotetaan Lissabonissa. H\u00e4nen seuraansa liittyv\u00e4t varapuheenjohtajat Borrell, Schmit ja Ferreira.<\/p>\n\n\n\n<p>#EUviikossa<\/p>\n\n\n\n<p>European Movement International: sis\u00e4lt\u00f6 ja grafiikka<\/p>\n","protected":false},"excerpt":{"rendered":"<p>T\u00e4ll\u00e4 viikolla parlamentin j\u00e4senet osallistuvat valiokuntien kokouksiin ja valmistautuvat vuoden ensimm\u00e4iseen t\u00e4ysistuntoon (18.-21.1.). Eri komiteoiden kokouksissa keskityt\u00e4\u00e4n kysymyksiin, kuten EU:n rokotestrategiaan, biologiseen monimuotoisuuteen ja EU:n ja Yhdistyneen kuningaskunnan kauppa- ja yhteisty\u00f6sopimusluonnokseen. Torstaina komission j\u00e4senten kollegio kokoontuu vuoden ensimm\u00e4iseen kokoukseen. Komission puheenjohtaja Von der Leyen matkustaa perjantaina Lissaboniin tapaamaan Portugalin hallitusta. Euroopan parlamentti&nbsp; Budjettivaliokunta sek\u00e4 talous- [&hellip;]<\/p>\n","protected":false},"author":4,"featured_media":0,"comment_status":"closed","ping_status":"open","sticky":false,"template":"","format":"standard","meta":{"_et_pb_use_builder":"","_et_pb_old_content":"","_et_gb_content_width":""},"categories":[8,14,9],"tags":[],"yoast_head":"<!-- This site is optimized with the Yoast SEO plugin v19.13 - https:\/\/yoast.com\/wordpress\/plugins\/seo\/ -->\n<title>EU2021PT | Rokotussuunnitelma | EU-UK - Eurooppalainen Suomi<\/title>\n<meta name=\"robots\" content=\"index, follow, max-snippet:-1, max-image-preview:large, max-video-preview:-1\" \/>\n<link rel=\"canonical\" href=\"https:\/\/www.eurooppalainensuomi.fi\/?p=1967\" \/>\n<meta property=\"og:locale\" content=\"en_US\" \/>\n<meta property=\"og:type\" content=\"article\" \/>\n<meta property=\"og:title\" content=\"EU2021PT | Rokotussuunnitelma | EU-UK - Eurooppalainen Suomi\" \/>\n<meta property=\"og:description\" content=\"T\u00e4ll\u00e4 viikolla parlamentin j\u00e4senet osallistuvat valiokuntien kokouksiin ja valmistautuvat vuoden ensimm\u00e4iseen t\u00e4ysistuntoon (18.-21.1.). Eri komiteoiden kokouksissa keskityt\u00e4\u00e4n kysymyksiin, kuten EU:n rokotestrategiaan, biologiseen monimuotoisuuteen ja EU:n ja Yhdistyneen kuningaskunnan kauppa- ja yhteisty\u00f6sopimusluonnokseen. Torstaina komission j\u00e4senten kollegio kokoontuu vuoden ensimm\u00e4iseen kokoukseen. Komission puheenjohtaja Von der Leyen matkustaa perjantaina Lissaboniin tapaamaan Portugalin hallitusta. Euroopan parlamentti&nbsp; Budjettivaliokunta sek\u00e4 talous- [&hellip;]\" \/>\n<meta property=\"og:url\" content=\"https:\/\/www.eurooppalainensuomi.fi\/?p=1967\" \/>\n<meta property=\"og:site_name\" content=\"Eurooppalainen Suomi\" \/>\n<meta property=\"article:publisher\" content=\"https:\/\/www.facebook.com\/eurooppalainensuomi\" \/>\n<meta property=\"article:published_time\" content=\"2021-01-11T13:34:29+00:00\" \/>\n<meta property=\"og:image\" content=\"https:\/\/www.eurooppalainensuomi.fi\/wp-content\/uploads\/2020\/10\/VIIKOSSA-1-1024x299.jpg\" \/>\n<meta name=\"author\" content=\"Admin\" \/>\n<meta name=\"twitter:card\" content=\"summary_large_image\" \/>\n<meta name=\"twitter:creator\" content=\"@em_finland\" \/>\n<meta name=\"twitter:site\" content=\"@em_finland\" \/>\n<meta name=\"twitter:label1\" content=\"Written by\" \/>\n\t<meta name=\"twitter:data1\" content=\"Admin\" \/>\n\t<meta name=\"twitter:label2\" content=\"Est. reading time\" \/>\n\t<meta name=\"twitter:data2\" content=\"2 minutes\" \/>\n<script type=\"application\/ld+json\" class=\"yoast-schema-graph\">{\"@context\":\"https:\/\/schema.org\",\"@graph\":[{\"@type\":\"Article\",\"@id\":\"https:\/\/www.eurooppalainensuomi.fi\/?p=1967#article\",\"isPartOf\":{\"@id\":\"https:\/\/www.eurooppalainensuomi.fi\/?p=1967\"},\"author\":{\"name\":\"Admin\",\"@id\":\"https:\/\/www.eurooppalainensuomi.fi\/#\/schema\/person\/9635843384121bb89ed49f8d3129daee\"},\"headline\":\"EU2021PT | Rokotussuunnitelma | EU-UK\",\"datePublished\":\"2021-01-11T13:34:29+00:00\",\"dateModified\":\"2021-01-11T13:34:29+00:00\",\"mainEntityOfPage\":{\"@id\":\"https:\/\/www.eurooppalainensuomi.fi\/?p=1967\"},\"wordCount\":332,\"publisher\":{\"@id\":\"https:\/\/www.eurooppalainensuomi.fi\/#organization\"},\"articleSection\":[\"Ajankohtaista\",\"Tiedotteet\",\"Uutiset\"],\"inLanguage\":\"en\"},{\"@type\":\"WebPage\",\"@id\":\"https:\/\/www.eurooppalainensuomi.fi\/?p=1967\",\"url\":\"https:\/\/www.eurooppalainensuomi.fi\/?p=1967\",\"name\":\"EU2021PT | Rokotussuunnitelma | EU-UK - Eurooppalainen Suomi\",\"isPartOf\":{\"@id\":\"https:\/\/www.eurooppalainensuomi.fi\/#website\"},\"datePublished\":\"2021-01-11T13:34:29+00:00\",\"dateModified\":\"2021-01-11T13:34:29+00:00\",\"breadcrumb\":{\"@id\":\"https:\/\/www.eurooppalainensuomi.fi\/?p=1967#breadcrumb\"},\"inLanguage\":\"en\",\"potentialAction\":[{\"@type\":\"ReadAction\",\"target\":[\"https:\/\/www.eurooppalainensuomi.fi\/?p=1967\"]}]},{\"@type\":\"BreadcrumbList\",\"@id\":\"https:\/\/www.eurooppalainensuomi.fi\/?p=1967#breadcrumb\",\"itemListElement\":[{\"@type\":\"ListItem\",\"position\":1,\"name\":\"Etusivu\",\"item\":\"https:\/\/www.eurooppalainensuomi.fi\/\"},{\"@type\":\"ListItem\",\"position\":2,\"name\":\"EU2021PT | Rokotussuunnitelma | EU-UK\"}]},{\"@type\":\"WebSite\",\"@id\":\"https:\/\/www.eurooppalainensuomi.fi\/#website\",\"url\":\"https:\/\/www.eurooppalainensuomi.fi\/\",\"name\":\"Eurooppalainen Suomi\",\"description\":\"Parempaa Eurooppaa rakentamassa\",\"publisher\":{\"@id\":\"https:\/\/www.eurooppalainensuomi.fi\/#organization\"},\"potentialAction\":[{\"@type\":\"SearchAction\",\"target\":{\"@type\":\"EntryPoint\",\"urlTemplate\":\"https:\/\/www.eurooppalainensuomi.fi\/?s={search_term_string}\"},\"query-input\":\"required name=search_term_string\"}],\"inLanguage\":\"en\"},{\"@type\":\"Organization\",\"@id\":\"https:\/\/www.eurooppalainensuomi.fi\/#organization\",\"name\":\"Eurooppalainen Suomi ry\",\"url\":\"https:\/\/www.eurooppalainensuomi.fi\/\",\"logo\":{\"@type\":\"ImageObject\",\"inLanguage\":\"en\",\"@id\":\"https:\/\/www.eurooppalainensuomi.fi\/#\/schema\/logo\/image\/\",\"url\":\"https:\/\/www.eurooppalainensuomi.fi\/wp-content\/uploads\/2021\/01\/PNG_large.png\",\"contentUrl\":\"https:\/\/www.eurooppalainensuomi.fi\/wp-content\/uploads\/2021\/01\/PNG_large.png\",\"width\":586,\"height\":220,\"caption\":\"Eurooppalainen Suomi ry\"},\"image\":{\"@id\":\"https:\/\/www.eurooppalainensuomi.fi\/#\/schema\/logo\/image\/\"},\"sameAs\":[\"https:\/\/instagram.com\/eurooppalainensuomi\",\"https:\/\/www.youtube.com\/channel\/UCBeqyrm1ze2RinjeAYS_-Jg\",\"https:\/\/fi.wikipedia.org\/wiki\/Eurooppalainen_Suomi\",\"https:\/\/www.facebook.com\/eurooppalainensuomi\",\"https:\/\/twitter.com\/em_finland\"]},{\"@type\":\"Person\",\"@id\":\"https:\/\/www.eurooppalainensuomi.fi\/#\/schema\/person\/9635843384121bb89ed49f8d3129daee\",\"name\":\"Admin\",\"image\":{\"@type\":\"ImageObject\",\"inLanguage\":\"en\",\"@id\":\"https:\/\/www.eurooppalainensuomi.fi\/#\/schema\/person\/image\/\",\"url\":\"https:\/\/secure.gravatar.com\/avatar\/813eb247d5c8e5914db8a949c18b8e26?s=96&d=mm&r=g\",\"contentUrl\":\"https:\/\/secure.gravatar.com\/avatar\/813eb247d5c8e5914db8a949c18b8e26?s=96&d=mm&r=g\",\"caption\":\"Admin\"}}]}<\/script>\n<!-- \/ Yoast SEO plugin. -->","yoast_head_json":{"title":"EU2021PT | Rokotussuunnitelma | EU-UK - Eurooppalainen Suomi","robots":{"index":"index","follow":"follow","max-snippet":"max-snippet:-1","max-image-preview":"max-image-preview:large","max-video-preview":"max-video-preview:-1"},"canonical":"https:\/\/www.eurooppalainensuomi.fi\/?p=1967","og_locale":"en_US","og_type":"article","og_title":"EU2021PT | Rokotussuunnitelma | EU-UK - Eurooppalainen Suomi","og_description":"T\u00e4ll\u00e4 viikolla parlamentin j\u00e4senet osallistuvat valiokuntien kokouksiin ja valmistautuvat vuoden ensimm\u00e4iseen t\u00e4ysistuntoon (18.-21.1.). Eri komiteoiden kokouksissa keskityt\u00e4\u00e4n kysymyksiin, kuten EU:n rokotestrategiaan, biologiseen monimuotoisuuteen ja EU:n ja Yhdistyneen kuningaskunnan kauppa- ja yhteisty\u00f6sopimusluonnokseen. Torstaina komission j\u00e4senten kollegio kokoontuu vuoden ensimm\u00e4iseen kokoukseen. Komission puheenjohtaja Von der Leyen matkustaa perjantaina Lissaboniin tapaamaan Portugalin hallitusta. Euroopan parlamentti&nbsp; Budjettivaliokunta sek\u00e4 talous- [&hellip;]","og_url":"https:\/\/www.eurooppalainensuomi.fi\/?p=1967","og_site_name":"Eurooppalainen Suomi","article_publisher":"https:\/\/www.facebook.com\/eurooppalainensuomi","article_published_time":"2021-01-11T13:34:29+00:00","og_image":[{"url":"https:\/\/www.eurooppalainensuomi.fi\/wp-content\/uploads\/2020\/10\/VIIKOSSA-1-1024x299.jpg"}],"author":"Admin","twitter_card":"summary_large_image","twitter_creator":"@em_finland","twitter_site":"@em_finland","twitter_misc":{"Written by":"Admin","Est. reading time":"2 minutes"},"schema":{"@context":"https:\/\/schema.org","@graph":[{"@type":"Article","@id":"https:\/\/www.eurooppalainensuomi.fi\/?p=1967#article","isPartOf":{"@id":"https:\/\/www.eurooppalainensuomi.fi\/?p=1967"},"author":{"name":"Admin","@id":"https:\/\/www.eurooppalainensuomi.fi\/#\/schema\/person\/9635843384121bb89ed49f8d3129daee"},"headline":"EU2021PT | Rokotussuunnitelma | EU-UK","datePublished":"2021-01-11T13:34:29+00:00","dateModified":"2021-01-11T13:34:29+00:00","mainEntityOfPage":{"@id":"https:\/\/www.eurooppalainensuomi.fi\/?p=1967"},"wordCount":332,"publisher":{"@id":"https:\/\/www.eurooppalainensuomi.fi\/#organization"},"articleSection":["Ajankohtaista","Tiedotteet","Uutiset"],"inLanguage":"en"},{"@type":"WebPage","@id":"https:\/\/www.eurooppalainensuomi.fi\/?p=1967","url":"https:\/\/www.eurooppalainensuomi.fi\/?p=1967","name":"EU2021PT | Rokotussuunnitelma | EU-UK - Eurooppalainen Suomi","isPartOf":{"@id":"https:\/\/www.eurooppalainensuomi.fi\/#website"},"datePublished":"2021-01-11T13:34:29+00:00","dateModified":"2021-01-11T13:34:29+00:00","breadcrumb":{"@id":"https:\/\/www.eurooppalainensuomi.fi\/?p=1967#breadcrumb"},"inLanguage":"en","potentialAction":[{"@type":"ReadAction","target":["https:\/\/www.eurooppalainensuomi.fi\/?p=1967"]}]},{"@type":"BreadcrumbList","@id":"https:\/\/www.eurooppalainensuomi.fi\/?p=1967#breadcrumb","itemListElement":[{"@type":"ListItem","position":1,"name":"Etusivu","item":"https:\/\/www.eurooppalainensuomi.fi\/"},{"@type":"ListItem","position":2,"name":"EU2021PT | Rokotussuunnitelma | EU-UK"}]},{"@type":"WebSite","@id":"https:\/\/www.eurooppalainensuomi.fi\/#website","url":"https:\/\/www.eurooppalainensuomi.fi\/","name":"Eurooppalainen Suomi","description":"Parempaa Eurooppaa rakentamassa","publisher":{"@id":"https:\/\/www.eurooppalainensuomi.fi\/#organization"},"potentialAction":[{"@type":"SearchAction","target":{"@type":"EntryPoint","urlTemplate":"https:\/\/www.eurooppalainensuomi.fi\/?s={search_term_string}"},"query-input":"required name=search_term_string"}],"inLanguage":"en"},{"@type":"Organization","@id":"https:\/\/www.eurooppalainensuomi.fi\/#organization","name":"Eurooppalainen Suomi ry","url":"https:\/\/www.eurooppalainensuomi.fi\/","logo":{"@type":"ImageObject","inLanguage":"en","@id":"https:\/\/www.eurooppalainensuomi.fi\/#\/schema\/logo\/image\/","url":"https:\/\/www.eurooppalainensuomi.fi\/wp-content\/uploads\/2021\/01\/PNG_large.png","contentUrl":"https:\/\/www.eurooppalainensuomi.fi\/wp-content\/uploads\/2021\/01\/PNG_large.png","width":586,"height":220,"caption":"Eurooppalainen Suomi ry"},"image":{"@id":"https:\/\/www.eurooppalainensuomi.fi\/#\/schema\/logo\/image\/"},"sameAs":["https:\/\/instagram.com\/eurooppalainensuomi","https:\/\/www.youtube.com\/channel\/UCBeqyrm1ze2RinjeAYS_-Jg","https:\/\/fi.wikipedia.org\/wiki\/Eurooppalainen_Suomi","https:\/\/www.facebook.com\/eurooppalainensuomi","https:\/\/twitter.com\/em_finland"]},{"@type":"Person","@id":"https:\/\/www.eurooppalainensuomi.fi\/#\/schema\/person\/9635843384121bb89ed49f8d3129daee","name":"Admin","image":{"@type":"ImageObject","inLanguage":"en","@id":"https:\/\/www.eurooppalainensuomi.fi\/#\/schema\/person\/image\/","url":"https:\/\/secure.gravatar.com\/avatar\/813eb247d5c8e5914db8a949c18b8e26?s=96&d=mm&r=g","contentUrl":"https:\/\/secure.gravatar.com\/avatar\/813eb247d5c8e5914db8a949c18b8e26?s=96&d=mm&r=g","caption":"Admin"}}]}},"jetpack_featured_media_url":"","_links":{"self":[{"href":"https:\/\/www.eurooppalainensuomi.fi\/index.php?rest_route=\/wp\/v2\/posts\/1967"}],"collection":[{"href":"https:\/\/www.eurooppalainensuomi.fi\/index.php?rest_route=\/wp\/v2\/posts"}],"about":[{"href":"https:\/\/www.eurooppalainensuomi.fi\/index.php?rest_route=\/wp\/v2\/types\/post"}],"author":[{"embeddable":true,"href":"https:\/\/www.eurooppalainensuomi.fi\/index.php?rest_route=\/wp\/v2\/users\/4"}],"replies":[{"embeddable":true,"href":"https:\/\/www.eurooppalainensuomi.fi\/index.php?rest_route=%2Fwp%2Fv2%2Fcomments&post=1967"}],"version-history":[{"count":0,"href":"https:\/\/www.eurooppalainensuomi.fi\/index.php?rest_route=\/wp\/v2\/posts\/1967\/revisions"}],"wp:attachment":[{"href":"https:\/\/www.eurooppalainensuomi.fi\/index.php?rest_route=%2Fwp%2Fv2%2Fmedia&parent=1967"}],"wp:term":[{"taxonomy":"category","embeddable":true,"href":"https:\/\/www.eurooppalainensuomi.fi\/index.php?rest_route=%2Fwp%2Fv2%2Fcategories&post=1967"},{"taxonomy":"post_tag","embeddable":true,"href":"https:\/\/www.eurooppalainensuomi.fi\/index.php?rest_route=%2Fwp%2Fv2%2Ftags&post=1967"}],"curies":[{"name":"wp","href":"https:\/\/api.w.org\/{rel}","templated":true}]}}