{"id":1925,"date":"2020-12-09T14:55:58","date_gmt":"2020-12-09T12:55:58","guid":{"rendered":"http:\/\/www.eurooppalainensuomi.fi\/?p=1925"},"modified":"2021-03-11T14:29:43","modified_gmt":"2021-03-11T12:29:43","slug":"media-analyysi-suomalaisen-median-eu-uutisointiin-voi-luottaa-somessa-keskustelu-karjistyy","status":"publish","type":"post","link":"https:\/\/www.eurooppalainensuomi.fi\/?p=1925","title":{"rendered":"MEDIA-ANALYYSI: SUOMALAISEN MEDIAN EU-UUTISOINTIIN VOI LUOTTAA \u2013 SOMESSA KESKUSTELU K\u00c4RJISTYY"},"content":{"rendered":"\n<p><strong>Eurooppalaisen Suomen tilaama ja Meltwaterin toteuttama media-analyysi Euroopan unionin n\u00e4kyvyydest\u00e4 suomalaisessa digitaalisessa uutismediassa ja suomenkielisess\u00e4 sosiaalisessa mediassa julkaistiin 9.12.2020. Analyysin tarkoituksena oli selvitt\u00e4\u00e4 paitsi EU- ja Eurooppa-aiheiden n\u00e4kyvyytt\u00e4 my\u00f6s sit\u00e4, miten uutismedia ja suomalaiset sosiaalisen median aktiiviset k\u00e4ytt\u00e4j\u00e4t k\u00e4sittelev\u00e4t aiheita.<\/strong><\/p>\n\n\n\n<figure class=\"wp-block-image size-large\"><a href=\"https:\/\/www.eurooppalainensuomi.fi\/wp-content\/uploads\/2020\/12\/image-4.png\"><img src=\"https:\/\/www.eurooppalainensuomi.fi\/wp-content\/uploads\/2020\/12\/image-4.png\" alt=\"\" class=\"wp-image-1929\"\/><\/a><\/figure>\n\n\n\n<p><img loading=\"lazy\" width=\"305\" height=\"337\" src=\"\">Laajaan aineistoon pohjautuvan ja puolen vuoden tarkastelujakson k\u00e4sitt\u00e4v\u00e4n analyysin perusteella voidaan todeta, ett\u00e4 digitaaliseen uutismediaan voi luottaa. <strong>90 prosenttia teema-analyysiin nostetuista 3&nbsp;375 julkaisusta oli luonteeltaan neutraaleja<\/strong> kun taas selv\u00e4sti kielteisi\u00e4 tai selv\u00e4sti my\u00f6nteisi\u00e4 uutisia oli molempia <strong>viisi prosenttia aineistosta<\/strong>. Uutismedian keskeisi\u00e4 aiheita olivat elpymisrahasto, Valko-Ven\u00e4j\u00e4n tilanne, koronavirus ja Brexit-prosessi.<\/p>\n\n\n\n<p>Eniten Euroopan unioniin my\u00f6nteisesti suhtautuvia artikkeleita julkaistiin ilmastonmuutoksen vastaisista toimista. Kriittiset artikkelit keskittyv\u00e4t EU:n ep\u00e4onnistuneisiin tai vaillinaisiksi j\u00e4\u00e4neisiin p\u00e4\u00e4t\u00f6ksiin vaikeissa kysymyksiss\u00e4.<\/p>\n\n\n\n<p><img loading=\"lazy\" width=\"305\" height=\"335\" src=\"\">\u201d<em>Media-analyysin perusteella on kiistatonta, ett\u00e4 suomalaisen digitaalisen median tuottama uutisointi EU- ja Eurooppa-aiheista on sis\u00e4ll\u00f6lt\u00e4\u00e4n p\u00e4\u00e4osin neutraalia. Erilaisten populistien esitt\u00e4m\u00e4t toistuvat v\u00e4itteet niin kutsutun valtamedian puolueellisuudesta voidaan siis j\u00e4tt\u00e4\u00e4 omaan v\u00e4h\u00e4iseen arvoonsa\u201d, <\/em>toteaa Eurooppalaisen Suomen toiminnanjohtaja<strong> Aku Aarva<\/strong>.<\/p>\n\n\n\n<figure class=\"wp-block-image size-large\"><a href=\"https:\/\/www.eurooppalainensuomi.fi\/wp-content\/uploads\/2020\/12\/image-5.png\"><img src=\"https:\/\/www.eurooppalainensuomi.fi\/wp-content\/uploads\/2020\/12\/image-5.png\" alt=\"\" class=\"wp-image-1930\"\/><\/a><\/figure>\n\n\n\n<p><strong>My\u00f6s elpymisrahastoa koskeva uutisointi noudattelee yleist\u00e4 neutraalia linjaa<\/strong>. Mielenkiintoista on kuitenkin se, ett\u00e4 aiheesta on uutisoitu Suomessa merkitt\u00e4v\u00e4sti enemm\u00e4n kuin esimerkiksi naapurimaa ja vertailukohde Ruotsissa.<\/p>\n\n\n\n<p>Elpymisrahastoon liittyv\u00e4ss\u00e4 my\u00f6nteisess\u00e4 uutisoinnissa korostuivat sen vaikutukset Euroopan yhten\u00e4isyydelle sek\u00e4 sen hy\u00f6dyt Suomen taloudelle ja teollisuudelle. Kriittisiss\u00e4 maininnoissa korostettiin elpymisrahaston yhteisvastuita ja EU:n liittovaltiokehityst\u00e4. My\u00f6s lopullinen neuvottelutulos ker\u00e4\u00e4 kritiikki\u00e4 medialta.<\/p>\n\n\n\n<p><em>\u201dElpymisrahastoa koskevasta media- ja some-analyysist\u00e4 n\u00e4hd\u00e4\u00e4n, ett\u00e4 rahastoa julkisuudessa puolustivat erityisesti <strong>p\u00e4\u00e4ministeri<\/strong> <strong>Sanna Marin<\/strong>, <strong>eurooppaministeri<\/strong> <strong>Tytti Tuppurainen<\/strong> ja <strong>komissaari Jutta Urpilainen<\/strong>. Samaan aikaan sosiaalisen median puolella ilmatilaa hallitsivat erityisesti perussuomalaisten kriittiset \u00e4\u00e4nenpainot. Erityisen mielenkiintoista on muiden hallituspuolueiden kansanedustajien ja ministerien hiljaisuus aiheen ymp\u00e4rill\u00e4, erityisesti somessa. Poikkeuksen tekee tosin aktiivisesti aiheesta Twitteriss\u00e4 keskustellut ja vihreit\u00e4 siten tilastollisesti kantanut europarlamentaarikko <strong>Ville Niinist\u00f6<\/strong>\u201d, <\/em>toteaa Eurooppalaisen Suomen toiminnanjohtaja <strong>Aku Aarva<\/strong>.<\/p>\n\n\n\n<p><a href=\"https:\/\/www.eurooppalainensuomi.fi\/wp-content\/uploads\/2020\/12\/ES_Meltwater_media-analyysi_9.12.2020_media.pdf\">Eurooppalaisen Suomen tilaaman ja Meltwaterin toteuttamaan media-analyysiin voit tutustua kokonaisuudessaan t\u00e4\u00e4lt\u00e4.<\/a><\/p>\n\n\n\n<p><strong>EU-KESKUSTELU SOSIAALISESSA MEDIASSA<\/strong><\/p>\n\n\n\n<p><strong>Euroopan unioni mainittiin tarkastelujakson aikana yhteens\u00e4 172 210 kertaa sosiaalisessa mediassa. Sosiaalisen median<\/strong> <strong>keskusteluissa ja erityisesti Twitteriss\u00e4 suomalaisten keskustelu EU- ja Eurooppa-politiikasta on ainakin osittain polarisoitunutta. Polarisaatio n\u00e4kyy erityisesti elpymisrahastoa koskevassa keskustelussa, joka on ker\u00e4nnyt poikkeuksellisen voimakasta kritiikki\u00e4 rajatulla Twitter-aineistolla toteutetussa analyysiss\u00e4.<\/strong><\/p>\n\n\n\n<figure class=\"wp-block-image size-large\"><a href=\"https:\/\/www.eurooppalainensuomi.fi\/wp-content\/uploads\/2020\/12\/image-6.png\"><img src=\"https:\/\/www.eurooppalainensuomi.fi\/wp-content\/uploads\/2020\/12\/image-6.png\" alt=\"\" class=\"wp-image-1931\"\/><\/a><\/figure>\n\n\n\n<p><img loading=\"lazy\" width=\"278\" height=\"303\" src=\"\">Tarkastelujakson ylivoimaisesti suurin keskustelunaihe sosiaalisessa mediassa oli koronaviruksen my\u00f6t\u00e4 syntynyt elpymisrahasto, sen neuvotteluprosessi sek\u00e4 ratkaisusta syntynyt j\u00e4lkipyykki. Keskustelun keskeisin henkil\u00f6 oli p\u00e4\u00e4ministeri <strong>Sanna Marin<\/strong>, joka oli n\u00e4kyv\u00e4sti esill\u00e4 neuvotteluprosessin kriittisimmill\u00e4 hetkill\u00e4.<\/p>\n\n\n\n<p>Toinen runsaasti mainintoja ja n\u00e4kyvyytt\u00e4 ker\u00e4nnyt aihe oli europarlamentin \u00e4\u00e4nestyksess\u00e4 ollut maatalousuudistus, CAP.Kritiikki liittyy&nbsp;erityisesti CAP-uudistuksen ja ilmastonmuutoksen torjuntaan. Samassa yhteydess\u00e4 muun muassa opetusministeri <strong>Li Andersson<\/strong> moittii keskustelua kasvisnakeista ja toteaa niist\u00e4 k\u00e4yt\u00e4v\u00e4n keskustelun vastaavan hyvin vanhoja stereotypioita EU-parlamentin ty\u00f6st\u00e4.<\/p>\n\n\n\n<figure class=\"wp-block-image size-large\"><a href=\"https:\/\/www.eurooppalainensuomi.fi\/wp-content\/uploads\/2020\/12\/image-7.png\"><img src=\"https:\/\/www.eurooppalainensuomi.fi\/wp-content\/uploads\/2020\/12\/image-7.png\" alt=\"\" class=\"wp-image-1932\"\/><\/a><\/figure>\n\n\n\n<p><img loading=\"lazy\" width=\"279\" height=\"307\" src=\"\">Poliittisten toimijoiden vertailussa erityisesti <strong>vihre\u00e4t<\/strong>, <strong>perussuomalaiset, SDP<\/strong> ja <strong>kokoomus<\/strong> julkaisevat aktiivisesti EU:hun liittyvi\u00e4 p\u00e4ivityksi\u00e4 Twitteriss\u00e4. Elpymisrahastoa koskevissa keskusteluissa aktiivisuudellaan korostuvat erityisesti oppositiopuolueet kokoomus ja perussuomalaiset.<\/p>\n\n\n\n<p>My\u00f6nteisesti elpymisrahastoon suhtautuvissa julkaisuissa korostetaan elpymisrahaston merkityst\u00e4 EU:n yhten\u00e4isyydelle ja tulevaisuudelle sek\u00e4 roolia koronaviruksen aiheuttaman talouskriisin ratkaisussa. Pakettiin osallistuminen n\u00e4hd\u00e4\u00e4n Suomen ankkuroitumisena vahvemmin l\u00e4nteen ja Euroopan unioniin.<\/p>\n\n\n\n<p>Kriittisesti elpymisrahastoon suhtautuvissa julkaisuissa korostetaan ennen kaikkea Suomen roolia paketin nettomaksajana. Lis\u00e4ksi pohditaan paketin lainmukaisuutta, EU:n liittovaltiokehityst\u00e4 sek\u00e4 nostetaan esiin j\u00e4senmaiden v\u00e4liset erot muun muassa verotuksessa.<\/p>\n\n\n\n<p><em>\u201dSosiaalisessa mediassa polarisaatio ei tule yll\u00e4tyksen\u00e4. EU-kriittiset keskustelijat n\u00e4ytt\u00e4ytyv\u00e4t m\u00e4\u00e4r\u00e4llisesti tarkasteltuna olevan \u00e4\u00e4nekk\u00e4in joukko somessa. Perussuomalaisten sosiaalisen median viestinn\u00e4n vaikuttavuutta arvioidessa on kuitenkin syyt\u00e4 pohtia, millaisilta k\u00e4ytt\u00e4j\u00e4tileilt\u00e4 reaktiot ovat per\u00e4isin ja kuinka laaja joukko todellisuudessa n\u00e4kee esimerkiksi uudelleentwiittaukset ja tykk\u00e4ykset. T\u00e4m\u00e4n pallon heit\u00e4n mielell\u00e4ni vaikkapa tutkiville journalisteille\u201d, <\/em>ehdottaa Eurooppalaisen Suomen toiminnanjohtaja <strong>Aku Aarva<\/strong>.<\/p>\n\n\n\n<p><strong>Huom!<\/strong> Erityisesti Twitter-aineistoon pohjautuvassa teema-analyysiss\u00e4 on syyt\u00e4 huomioida se, ettei siit\u00e4 voida vet\u00e4\u00e4 johtop\u00e4\u00e4t\u00f6ksi\u00e4 kansalaisten laajemmasta mielipiteest\u00e4. Twitter mahdollistaa kuitenkin perinteisen politiikan ulkopuolelta tulevien mielipiteiden esiinnousun ja alustaa k\u00e4ytet\u00e4\u00e4nkin aktiivisesti esimerkiksi ajankohtaisohjelmien kommentointipalstana. Toimittajien sek\u00e4 poliittisten toimijoiden vahva l\u00e4sn\u00e4olo kasvattaa my\u00f6s alustan merkityst\u00e4 uutisl\u00e4hteen\u00e4.<\/p>\n\n\n\n<p><strong>AKTIIVISIMMAT EU- JA EUROOPPA-AIHEISTA TWIITTAAJAT<\/strong><\/p>\n\n\n\n<p>Osana tutkimusta selvitettiin my\u00f6s, ketk\u00e4 ovat Suomen ahkerimmat EU- ja Eurooppa-aiheista twiittaavat poliitikot. Tarkastelujaksolla kansanedustajista eniten EU- ja Eurooppa-asioista twiittasi eurooppa- ja omistajaohjausministeri <strong>Tytti Tuppurainen<\/strong> (SDP) ja europarlamentaarikoiden keskuudesta k\u00e4rkeen nousi MEP <strong>Ville Niinist\u00f6<\/strong> (Vihre\u00e4t).<\/p>\n\n\n\n<p>Medioista eniten EU- ja Eurooppa-aiheista uutisoivat j\u00e4rjestyksess\u00e4 <strong>Yle, Helsingin Sanomat, Kauppalehti, Ilta-Sanomat, Savon Sanomat, Verkkouutiset ja Keskisuomalainen. <\/strong>T\u00e4ysi listaus l\u00f6ytyy media-analyysin raportista.<\/p>\n\n\n\n<figure class=\"wp-block-image size-large\"><a href=\"https:\/\/www.eurooppalainensuomi.fi\/wp-content\/uploads\/2020\/12\/image-8.png\"><img src=\"https:\/\/www.eurooppalainensuomi.fi\/wp-content\/uploads\/2020\/12\/image-8-1024x650.png\" alt=\"\" class=\"wp-image-1933\"\/><\/a><\/figure>\n\n\n\n<p><strong>Mit\u00e4 analysoitiin?<\/strong><\/p>\n\n\n\n<p>Eurooppalainen Suomi tilasi Meltwaterilta media-analyysin, jonka tarkoituksena oli selvitt\u00e4\u00e4, miten Euroopan unioni n\u00e4kyy suomalaisessa digitaalisessa uutismediassa ja suomenkielisess\u00e4 sosiaalisessa mediassa. Tarkastelu pohjautuu aineistoon, jossa digitaalisen ja sosiaalisen median artikkeleita ja julkaisuja on suodatettu painottaen aiheeseen liittyvi\u00e4 hakusanoja. Analyysin toteuttamisessa on hy\u00f6dynnetty Meltwaterin l\u00e4hdekantaa, joka kattaa yli 230&nbsp;000 globaalia toimituksellista l\u00e4hdett\u00e4, joista yli 3&nbsp;600 on kotimaisia. Sosiaalisen median tarkastelussa aineisto kattaa yli 320 miljonaa globaalia sosiaalisen median l\u00e4hdett\u00e4.<\/p>\n\n\n\n<p><a href=\"https:\/\/www.eurooppalainensuomi.fi\/wp-content\/uploads\/2021\/03\/ES_Meltwater_media-analyysi_9.12.2020_media.pdf\">Eurooppalaisen Suomen tilaaman ja Meltwaterin toteuttamaan media-analyysiin voit ladata kokonaisuudessaan osoitteessa t\u00e4\u00e4lt\u00e4.<\/a><\/p>\n\n\n\n<p><strong>Lis\u00e4tietoja<\/strong><\/p>\n\n\n\n<p>Aku Aarva&nbsp;&nbsp;&nbsp;&nbsp;&nbsp;&nbsp;&nbsp;&nbsp;&nbsp;&nbsp;&nbsp;&nbsp;&nbsp;&nbsp;&nbsp;&nbsp;&nbsp;&nbsp;&nbsp;&nbsp;&nbsp;&nbsp;&nbsp;&nbsp;&nbsp;&nbsp;&nbsp;&nbsp;&nbsp;&nbsp;&nbsp;&nbsp;&nbsp;&nbsp;&nbsp;&nbsp;&nbsp;&nbsp;&nbsp;&nbsp;&nbsp;&nbsp;&nbsp;&nbsp;&nbsp;&nbsp;&nbsp;&nbsp;&nbsp;&nbsp;&nbsp;&nbsp;&nbsp;&nbsp;&nbsp;&nbsp;&nbsp;&nbsp;&nbsp;&nbsp;&nbsp; <br>toiminnanjohtaja&nbsp;&nbsp;&nbsp;&nbsp;&nbsp;&nbsp;&nbsp;&nbsp;&nbsp;&nbsp;&nbsp;&nbsp;&nbsp;&nbsp;&nbsp;&nbsp;&nbsp;&nbsp;&nbsp;&nbsp;&nbsp;&nbsp;&nbsp;&nbsp;&nbsp;&nbsp;&nbsp;&nbsp;&nbsp;&nbsp;&nbsp;<br>Eurooppalainen Suomi ry&nbsp;&nbsp;&nbsp;&nbsp;&nbsp;&nbsp;&nbsp;&nbsp;&nbsp;&nbsp;&nbsp;&nbsp;&nbsp;&nbsp;&nbsp;&nbsp;&nbsp;&nbsp;&nbsp;&nbsp;&nbsp;&nbsp;&nbsp;&nbsp;&nbsp;&nbsp;&nbsp;&nbsp;&nbsp;&nbsp;&nbsp;&nbsp;&nbsp;&nbsp;<br>+358 41&nbsp;432 6510&nbsp;&nbsp;&nbsp;&nbsp;&nbsp;&nbsp;&nbsp;&nbsp;&nbsp;&nbsp;&nbsp;&nbsp;&nbsp;&nbsp;&nbsp;&nbsp;&nbsp;&nbsp;&nbsp;&nbsp;&nbsp;&nbsp;&nbsp;&nbsp;&nbsp;&nbsp;&nbsp;&nbsp;&nbsp;&nbsp;&nbsp;&nbsp;&nbsp;&nbsp;&nbsp;&nbsp;&nbsp;&nbsp;&nbsp;&nbsp;&nbsp;&nbsp;<br>aku.aarva[a]eurooppalainensuomi.fi<\/p>\n\n\n\n<p>Markus Selin<br>Media-analyytikko<br>Meltwater<br>markus.selin[a]meltwater.com<\/p>\n","protected":false},"excerpt":{"rendered":"<p>Eurooppalaisen Suomen tilaama ja Meltwaterin toteuttama media-analyysi Euroopan unionin n\u00e4kyvyydest\u00e4 suomalaisessa digitaalisessa uutismediassa ja suomenkielisess\u00e4 sosiaalisessa mediassa julkaistiin 9.12.2020. Analyysin tarkoituksena oli selvitt\u00e4\u00e4 paitsi EU- ja Eurooppa-aiheiden n\u00e4kyvyytt\u00e4 my\u00f6s sit\u00e4, miten uutismedia ja suomalaiset sosiaalisen median aktiiviset k\u00e4ytt\u00e4j\u00e4t k\u00e4sittelev\u00e4t aiheita. Laajaan aineistoon pohjautuvan ja puolen vuoden tarkastelujakson k\u00e4sitt\u00e4v\u00e4n analyysin perusteella voidaan todeta, ett\u00e4 digitaaliseen uutismediaan [&hellip;]<\/p>\n","protected":false},"author":4,"featured_media":0,"comment_status":"closed","ping_status":"closed","sticky":false,"template":"","format":"standard","meta":{"_et_pb_use_builder":"","_et_pb_old_content":"","_et_gb_content_width":""},"categories":[8,9],"tags":[],"yoast_head":"<!-- This site is optimized with the Yoast SEO plugin v19.13 - https:\/\/yoast.com\/wordpress\/plugins\/seo\/ -->\n<title>MEDIA-ANALYYSI: SUOMALAISEN MEDIAN EU-UUTISOINTIIN VOI LUOTTAA \u2013 SOMESSA KESKUSTELU K\u00c4RJISTYY - Eurooppalainen Suomi<\/title>\n<meta name=\"robots\" content=\"index, follow, max-snippet:-1, max-image-preview:large, max-video-preview:-1\" \/>\n<link rel=\"canonical\" href=\"https:\/\/www.eurooppalainensuomi.fi\/?p=1925\" \/>\n<meta property=\"og:locale\" content=\"en_US\" \/>\n<meta property=\"og:type\" content=\"article\" \/>\n<meta property=\"og:title\" content=\"MEDIA-ANALYYSI: SUOMALAISEN MEDIAN EU-UUTISOINTIIN VOI LUOTTAA \u2013 SOMESSA KESKUSTELU K\u00c4RJISTYY - Eurooppalainen Suomi\" \/>\n<meta property=\"og:description\" content=\"Eurooppalaisen Suomen tilaama ja Meltwaterin toteuttama media-analyysi Euroopan unionin n\u00e4kyvyydest\u00e4 suomalaisessa digitaalisessa uutismediassa ja suomenkielisess\u00e4 sosiaalisessa mediassa julkaistiin 9.12.2020. Analyysin tarkoituksena oli selvitt\u00e4\u00e4 paitsi EU- ja Eurooppa-aiheiden n\u00e4kyvyytt\u00e4 my\u00f6s sit\u00e4, miten uutismedia ja suomalaiset sosiaalisen median aktiiviset k\u00e4ytt\u00e4j\u00e4t k\u00e4sittelev\u00e4t aiheita. Laajaan aineistoon pohjautuvan ja puolen vuoden tarkastelujakson k\u00e4sitt\u00e4v\u00e4n analyysin perusteella voidaan todeta, ett\u00e4 digitaaliseen uutismediaan [&hellip;]\" \/>\n<meta property=\"og:url\" content=\"https:\/\/www.eurooppalainensuomi.fi\/?p=1925\" \/>\n<meta property=\"og:site_name\" content=\"Eurooppalainen Suomi\" \/>\n<meta property=\"article:publisher\" content=\"https:\/\/www.facebook.com\/eurooppalainensuomi\" \/>\n<meta property=\"article:published_time\" content=\"2020-12-09T12:55:58+00:00\" \/>\n<meta property=\"article:modified_time\" content=\"2021-03-11T12:29:43+00:00\" \/>\n<meta property=\"og:image\" content=\"https:\/\/www.eurooppalainensuomi.fi\/wp-content\/uploads\/2020\/12\/image-4.png\" \/>\n<meta name=\"author\" content=\"Admin\" \/>\n<meta name=\"twitter:card\" content=\"summary_large_image\" \/>\n<meta name=\"twitter:creator\" content=\"@em_finland\" \/>\n<meta name=\"twitter:site\" content=\"@em_finland\" \/>\n<meta name=\"twitter:label1\" content=\"Written by\" \/>\n\t<meta name=\"twitter:data1\" content=\"Admin\" \/>\n\t<meta name=\"twitter:label2\" content=\"Est. reading time\" \/>\n\t<meta name=\"twitter:data2\" content=\"5 minutes\" \/>\n<script type=\"application\/ld+json\" class=\"yoast-schema-graph\">{\"@context\":\"https:\/\/schema.org\",\"@graph\":[{\"@type\":\"Article\",\"@id\":\"https:\/\/www.eurooppalainensuomi.fi\/?p=1925#article\",\"isPartOf\":{\"@id\":\"https:\/\/www.eurooppalainensuomi.fi\/?p=1925\"},\"author\":{\"name\":\"Admin\",\"@id\":\"https:\/\/www.eurooppalainensuomi.fi\/#\/schema\/person\/9635843384121bb89ed49f8d3129daee\"},\"headline\":\"MEDIA-ANALYYSI: SUOMALAISEN MEDIAN EU-UUTISOINTIIN VOI LUOTTAA \u2013 SOMESSA KESKUSTELU K\u00c4RJISTYY\",\"datePublished\":\"2020-12-09T12:55:58+00:00\",\"dateModified\":\"2021-03-11T12:29:43+00:00\",\"mainEntityOfPage\":{\"@id\":\"https:\/\/www.eurooppalainensuomi.fi\/?p=1925\"},\"wordCount\":1021,\"publisher\":{\"@id\":\"https:\/\/www.eurooppalainensuomi.fi\/#organization\"},\"articleSection\":[\"Ajankohtaista\",\"Uutiset\"],\"inLanguage\":\"en\"},{\"@type\":\"WebPage\",\"@id\":\"https:\/\/www.eurooppalainensuomi.fi\/?p=1925\",\"url\":\"https:\/\/www.eurooppalainensuomi.fi\/?p=1925\",\"name\":\"MEDIA-ANALYYSI: SUOMALAISEN MEDIAN EU-UUTISOINTIIN VOI LUOTTAA \u2013 SOMESSA KESKUSTELU K\u00c4RJISTYY - Eurooppalainen Suomi\",\"isPartOf\":{\"@id\":\"https:\/\/www.eurooppalainensuomi.fi\/#website\"},\"datePublished\":\"2020-12-09T12:55:58+00:00\",\"dateModified\":\"2021-03-11T12:29:43+00:00\",\"breadcrumb\":{\"@id\":\"https:\/\/www.eurooppalainensuomi.fi\/?p=1925#breadcrumb\"},\"inLanguage\":\"en\",\"potentialAction\":[{\"@type\":\"ReadAction\",\"target\":[\"https:\/\/www.eurooppalainensuomi.fi\/?p=1925\"]}]},{\"@type\":\"BreadcrumbList\",\"@id\":\"https:\/\/www.eurooppalainensuomi.fi\/?p=1925#breadcrumb\",\"itemListElement\":[{\"@type\":\"ListItem\",\"position\":1,\"name\":\"Etusivu\",\"item\":\"https:\/\/www.eurooppalainensuomi.fi\/\"},{\"@type\":\"ListItem\",\"position\":2,\"name\":\"MEDIA-ANALYYSI: SUOMALAISEN MEDIAN EU-UUTISOINTIIN VOI LUOTTAA \u2013 SOMESSA KESKUSTELU K\u00c4RJISTYY\"}]},{\"@type\":\"WebSite\",\"@id\":\"https:\/\/www.eurooppalainensuomi.fi\/#website\",\"url\":\"https:\/\/www.eurooppalainensuomi.fi\/\",\"name\":\"Eurooppalainen Suomi\",\"description\":\"Parempaa Eurooppaa rakentamassa\",\"publisher\":{\"@id\":\"https:\/\/www.eurooppalainensuomi.fi\/#organization\"},\"potentialAction\":[{\"@type\":\"SearchAction\",\"target\":{\"@type\":\"EntryPoint\",\"urlTemplate\":\"https:\/\/www.eurooppalainensuomi.fi\/?s={search_term_string}\"},\"query-input\":\"required name=search_term_string\"}],\"inLanguage\":\"en\"},{\"@type\":\"Organization\",\"@id\":\"https:\/\/www.eurooppalainensuomi.fi\/#organization\",\"name\":\"Eurooppalainen Suomi ry\",\"url\":\"https:\/\/www.eurooppalainensuomi.fi\/\",\"logo\":{\"@type\":\"ImageObject\",\"inLanguage\":\"en\",\"@id\":\"https:\/\/www.eurooppalainensuomi.fi\/#\/schema\/logo\/image\/\",\"url\":\"https:\/\/www.eurooppalainensuomi.fi\/wp-content\/uploads\/2021\/01\/PNG_large.png\",\"contentUrl\":\"https:\/\/www.eurooppalainensuomi.fi\/wp-content\/uploads\/2021\/01\/PNG_large.png\",\"width\":586,\"height\":220,\"caption\":\"Eurooppalainen Suomi ry\"},\"image\":{\"@id\":\"https:\/\/www.eurooppalainensuomi.fi\/#\/schema\/logo\/image\/\"},\"sameAs\":[\"https:\/\/instagram.com\/eurooppalainensuomi\",\"https:\/\/www.youtube.com\/channel\/UCBeqyrm1ze2RinjeAYS_-Jg\",\"https:\/\/fi.wikipedia.org\/wiki\/Eurooppalainen_Suomi\",\"https:\/\/www.facebook.com\/eurooppalainensuomi\",\"https:\/\/twitter.com\/em_finland\"]},{\"@type\":\"Person\",\"@id\":\"https:\/\/www.eurooppalainensuomi.fi\/#\/schema\/person\/9635843384121bb89ed49f8d3129daee\",\"name\":\"Admin\",\"image\":{\"@type\":\"ImageObject\",\"inLanguage\":\"en\",\"@id\":\"https:\/\/www.eurooppalainensuomi.fi\/#\/schema\/person\/image\/\",\"url\":\"https:\/\/secure.gravatar.com\/avatar\/813eb247d5c8e5914db8a949c18b8e26?s=96&d=mm&r=g\",\"contentUrl\":\"https:\/\/secure.gravatar.com\/avatar\/813eb247d5c8e5914db8a949c18b8e26?s=96&d=mm&r=g\",\"caption\":\"Admin\"}}]}<\/script>\n<!-- \/ Yoast SEO plugin. -->","yoast_head_json":{"title":"MEDIA-ANALYYSI: SUOMALAISEN MEDIAN EU-UUTISOINTIIN VOI LUOTTAA \u2013 SOMESSA KESKUSTELU K\u00c4RJISTYY - Eurooppalainen Suomi","robots":{"index":"index","follow":"follow","max-snippet":"max-snippet:-1","max-image-preview":"max-image-preview:large","max-video-preview":"max-video-preview:-1"},"canonical":"https:\/\/www.eurooppalainensuomi.fi\/?p=1925","og_locale":"en_US","og_type":"article","og_title":"MEDIA-ANALYYSI: SUOMALAISEN MEDIAN EU-UUTISOINTIIN VOI LUOTTAA \u2013 SOMESSA KESKUSTELU K\u00c4RJISTYY - Eurooppalainen Suomi","og_description":"Eurooppalaisen Suomen tilaama ja Meltwaterin toteuttama media-analyysi Euroopan unionin n\u00e4kyvyydest\u00e4 suomalaisessa digitaalisessa uutismediassa ja suomenkielisess\u00e4 sosiaalisessa mediassa julkaistiin 9.12.2020. Analyysin tarkoituksena oli selvitt\u00e4\u00e4 paitsi EU- ja Eurooppa-aiheiden n\u00e4kyvyytt\u00e4 my\u00f6s sit\u00e4, miten uutismedia ja suomalaiset sosiaalisen median aktiiviset k\u00e4ytt\u00e4j\u00e4t k\u00e4sittelev\u00e4t aiheita. Laajaan aineistoon pohjautuvan ja puolen vuoden tarkastelujakson k\u00e4sitt\u00e4v\u00e4n analyysin perusteella voidaan todeta, ett\u00e4 digitaaliseen uutismediaan [&hellip;]","og_url":"https:\/\/www.eurooppalainensuomi.fi\/?p=1925","og_site_name":"Eurooppalainen Suomi","article_publisher":"https:\/\/www.facebook.com\/eurooppalainensuomi","article_published_time":"2020-12-09T12:55:58+00:00","article_modified_time":"2021-03-11T12:29:43+00:00","og_image":[{"url":"https:\/\/www.eurooppalainensuomi.fi\/wp-content\/uploads\/2020\/12\/image-4.png"}],"author":"Admin","twitter_card":"summary_large_image","twitter_creator":"@em_finland","twitter_site":"@em_finland","twitter_misc":{"Written by":"Admin","Est. reading time":"5 minutes"},"schema":{"@context":"https:\/\/schema.org","@graph":[{"@type":"Article","@id":"https:\/\/www.eurooppalainensuomi.fi\/?p=1925#article","isPartOf":{"@id":"https:\/\/www.eurooppalainensuomi.fi\/?p=1925"},"author":{"name":"Admin","@id":"https:\/\/www.eurooppalainensuomi.fi\/#\/schema\/person\/9635843384121bb89ed49f8d3129daee"},"headline":"MEDIA-ANALYYSI: SUOMALAISEN MEDIAN EU-UUTISOINTIIN VOI LUOTTAA \u2013 SOMESSA KESKUSTELU K\u00c4RJISTYY","datePublished":"2020-12-09T12:55:58+00:00","dateModified":"2021-03-11T12:29:43+00:00","mainEntityOfPage":{"@id":"https:\/\/www.eurooppalainensuomi.fi\/?p=1925"},"wordCount":1021,"publisher":{"@id":"https:\/\/www.eurooppalainensuomi.fi\/#organization"},"articleSection":["Ajankohtaista","Uutiset"],"inLanguage":"en"},{"@type":"WebPage","@id":"https:\/\/www.eurooppalainensuomi.fi\/?p=1925","url":"https:\/\/www.eurooppalainensuomi.fi\/?p=1925","name":"MEDIA-ANALYYSI: SUOMALAISEN MEDIAN EU-UUTISOINTIIN VOI LUOTTAA \u2013 SOMESSA KESKUSTELU K\u00c4RJISTYY - Eurooppalainen Suomi","isPartOf":{"@id":"https:\/\/www.eurooppalainensuomi.fi\/#website"},"datePublished":"2020-12-09T12:55:58+00:00","dateModified":"2021-03-11T12:29:43+00:00","breadcrumb":{"@id":"https:\/\/www.eurooppalainensuomi.fi\/?p=1925#breadcrumb"},"inLanguage":"en","potentialAction":[{"@type":"ReadAction","target":["https:\/\/www.eurooppalainensuomi.fi\/?p=1925"]}]},{"@type":"BreadcrumbList","@id":"https:\/\/www.eurooppalainensuomi.fi\/?p=1925#breadcrumb","itemListElement":[{"@type":"ListItem","position":1,"name":"Etusivu","item":"https:\/\/www.eurooppalainensuomi.fi\/"},{"@type":"ListItem","position":2,"name":"MEDIA-ANALYYSI: SUOMALAISEN MEDIAN EU-UUTISOINTIIN VOI LUOTTAA \u2013 SOMESSA KESKUSTELU K\u00c4RJISTYY"}]},{"@type":"WebSite","@id":"https:\/\/www.eurooppalainensuomi.fi\/#website","url":"https:\/\/www.eurooppalainensuomi.fi\/","name":"Eurooppalainen Suomi","description":"Parempaa Eurooppaa rakentamassa","publisher":{"@id":"https:\/\/www.eurooppalainensuomi.fi\/#organization"},"potentialAction":[{"@type":"SearchAction","target":{"@type":"EntryPoint","urlTemplate":"https:\/\/www.eurooppalainensuomi.fi\/?s={search_term_string}"},"query-input":"required name=search_term_string"}],"inLanguage":"en"},{"@type":"Organization","@id":"https:\/\/www.eurooppalainensuomi.fi\/#organization","name":"Eurooppalainen Suomi ry","url":"https:\/\/www.eurooppalainensuomi.fi\/","logo":{"@type":"ImageObject","inLanguage":"en","@id":"https:\/\/www.eurooppalainensuomi.fi\/#\/schema\/logo\/image\/","url":"https:\/\/www.eurooppalainensuomi.fi\/wp-content\/uploads\/2021\/01\/PNG_large.png","contentUrl":"https:\/\/www.eurooppalainensuomi.fi\/wp-content\/uploads\/2021\/01\/PNG_large.png","width":586,"height":220,"caption":"Eurooppalainen Suomi ry"},"image":{"@id":"https:\/\/www.eurooppalainensuomi.fi\/#\/schema\/logo\/image\/"},"sameAs":["https:\/\/instagram.com\/eurooppalainensuomi","https:\/\/www.youtube.com\/channel\/UCBeqyrm1ze2RinjeAYS_-Jg","https:\/\/fi.wikipedia.org\/wiki\/Eurooppalainen_Suomi","https:\/\/www.facebook.com\/eurooppalainensuomi","https:\/\/twitter.com\/em_finland"]},{"@type":"Person","@id":"https:\/\/www.eurooppalainensuomi.fi\/#\/schema\/person\/9635843384121bb89ed49f8d3129daee","name":"Admin","image":{"@type":"ImageObject","inLanguage":"en","@id":"https:\/\/www.eurooppalainensuomi.fi\/#\/schema\/person\/image\/","url":"https:\/\/secure.gravatar.com\/avatar\/813eb247d5c8e5914db8a949c18b8e26?s=96&d=mm&r=g","contentUrl":"https:\/\/secure.gravatar.com\/avatar\/813eb247d5c8e5914db8a949c18b8e26?s=96&d=mm&r=g","caption":"Admin"}}]}},"jetpack_featured_media_url":"","_links":{"self":[{"href":"https:\/\/www.eurooppalainensuomi.fi\/index.php?rest_route=\/wp\/v2\/posts\/1925"}],"collection":[{"href":"https:\/\/www.eurooppalainensuomi.fi\/index.php?rest_route=\/wp\/v2\/posts"}],"about":[{"href":"https:\/\/www.eurooppalainensuomi.fi\/index.php?rest_route=\/wp\/v2\/types\/post"}],"author":[{"embeddable":true,"href":"https:\/\/www.eurooppalainensuomi.fi\/index.php?rest_route=\/wp\/v2\/users\/4"}],"replies":[{"embeddable":true,"href":"https:\/\/www.eurooppalainensuomi.fi\/index.php?rest_route=%2Fwp%2Fv2%2Fcomments&post=1925"}],"version-history":[{"count":1,"href":"https:\/\/www.eurooppalainensuomi.fi\/index.php?rest_route=\/wp\/v2\/posts\/1925\/revisions"}],"predecessor-version":[{"id":2505,"href":"https:\/\/www.eurooppalainensuomi.fi\/index.php?rest_route=\/wp\/v2\/posts\/1925\/revisions\/2505"}],"wp:attachment":[{"href":"https:\/\/www.eurooppalainensuomi.fi\/index.php?rest_route=%2Fwp%2Fv2%2Fmedia&parent=1925"}],"wp:term":[{"taxonomy":"category","embeddable":true,"href":"https:\/\/www.eurooppalainensuomi.fi\/index.php?rest_route=%2Fwp%2Fv2%2Fcategories&post=1925"},{"taxonomy":"post_tag","embeddable":true,"href":"https:\/\/www.eurooppalainensuomi.fi\/index.php?rest_route=%2Fwp%2Fv2%2Ftags&post=1925"}],"curies":[{"name":"wp","href":"https:\/\/api.w.org\/{rel}","templated":true}]}}