{"id":1754,"date":"2020-09-21T13:02:12","date_gmt":"2020-09-21T10:02:12","guid":{"rendered":"http:\/\/www.eurooppalainensuomi.fi\/?p=1754"},"modified":"2020-09-21T13:02:12","modified_gmt":"2020-09-21T10:02:12","slug":"muuttoliike-valko-venaja-euco","status":"publish","type":"post","link":"https:\/\/www.eurooppalainensuomi.fi\/?p=1754","title":{"rendered":"Muuttoliike | Valko-Ven\u00e4j\u00e4 | EUCO"},"content":{"rendered":"\n<div class=\"wp-block-image\"><figure class=\"aligncenter size-large\"><img src=\"https:\/\/www.eurooppalainensuomi.fi\/wp-content\/uploads\/2020\/09\/VIIKOSSA-1024x299.jpg\" alt=\"\" class=\"wp-image-1755\"\/><\/figure><\/div>\n\n\n\n<p>Valkoven\u00e4l\u00e4inen oppositiojohtaja Sviatlana Tsikhanouskaya osallistuu t\u00e4n\u00e4\u00e4n Euroopan parlamentin ulkoasiainvaliokunnan kokoukseen keskustelemaan maansa viimeaikaisista tapahtumista. T\u00e4m\u00e4n lis\u00e4ksi lis\u00e4ksi parlamentin nelj\u00e4 uutta valiokuntaa valitsevat puheenjohtajansa ja varapuheenjohtajansa.<\/p>\n\n\n\n<p>Euroopan komissio julkistaa uuden maahanmuutto- ja turvapaikkasopimuksen t\u00e4m\u00e4n viikon keskiviikkona. Torstaina ja perjantaina EU:n johtajat kokoontuvat Eurooppa-neuvoston erityiskokoukseen, jossa keskityt\u00e4\u00e4n sis\u00e4markkinoihin, teollisuuspolitiikkaan ja digitaaliseen muutokseen sek\u00e4 ulkosuhteisiin.&nbsp;<\/p>\n\n\n\n<p><strong>Euroopan parlamentti<\/strong><\/p>\n\n\n\n<p>EU:n ulkoasiainvaliokunta p\u00e4\u00e4tt\u00e4\u00e4 maanantaina uusista suosituksista, koskien EU:n ja Valko-Ven\u00e4j\u00e4\u00e4n suhteita. Torstaina komission varapuheenjohtaja Margaritis Schinas ja sis\u00e4asioista vastaava komissaari Ylva Johansson esittelev\u00e4t Euroopan parlamentin j\u00e4senille uuden maahanmuutto- ja turvapaikkasopimuksen kansalaisvapauksien valiokunnassa. Uudet valiokunnat pit\u00e4v\u00e4t perustamiskokouksensa ja valitsevat puheenjohtajat ja varapuheenjohtajat:&nbsp;<\/p>\n\n\n\n<ul><li>Erityiskomitea, joka on perustettu k\u00e4sittelem\u00e4\u00e4n sy\u00f6p\u00e4\u00e4, teko\u00e4ly\u00e4,&nbsp;<\/li><li>Erityiaskomitea, joka on perustettu k\u00e4sittelem\u00e4\u00e4n ulkomaista puuttumista ja h\u00e4irint\u00e4\u00e4, mukaan lukien disinformaatio<\/li><li>Talous- ja raha-asioiden alakomitea tarkastelemaan veroasioita<\/li><li>Tutkintakomitea el\u00e4inkuljetusten rikkomusten tutkimiseksi<\/li><\/ul>\n\n\n\n<p><strong>Euroopan komissio<\/strong><\/p>\n\n\n\n<p>Maanantaina komission puheenjohtaja Ursula von der Leyen j\u00e4rjest\u00e4\u00e4 et\u00e4konferenssin Euroopan parlamentin puheenjohtajan David Sassolin ja Saksan liittokanslerin Angela Merkelin kanssa. Keskiviikkona komissio esitt\u00e4\u00e4 uuden muuttoliike- ja turvapaikkasopimuksensa. Lis\u00e4ksi kollegion p\u00f6yd\u00e4ll\u00e4 on toimintasuunnitelma p\u00e4\u00e4omamarkkinaunionista ja digitaalisen rahoituksen paketti.<\/p>\n\n\n\n<p><strong>Eurooppa-neuvosto<\/strong><\/p>\n\n\n\n<p>Torstaina ja perjantaina j\u00e4rjestet\u00e4\u00e4n Eurooppa-neuvoston kokous, jossa keskustellaan sis\u00e4markkinoista, teollisuuspolitiikasta ja digitaalisesta muutoksesta. Lis\u00e4ksi it\u00e4isen V\u00e4limeren j\u00e4nnitteiden vuoksi huippukokous k\u00e4sittelee my\u00f6s ulkosuhteita, erityisesti suhteita Turkkiin ja Kiinaan. Korkean tason kokous tarjoaa my\u00f6s tilaisuuden arvioida COVID-19-pandemian tilannetta j\u00e4senvaltioissa.<\/p>\n\n\n\n<p>#EUviikossa<\/p>\n\n\n\n<p>European Movement International: sis\u00e4lt\u00f6 ja grafiikka<\/p>\n","protected":false},"excerpt":{"rendered":"<p>Valkoven\u00e4l\u00e4inen oppositiojohtaja Sviatlana Tsikhanouskaya osallistuu t\u00e4n\u00e4\u00e4n Euroopan parlamentin ulkoasiainvaliokunnan kokoukseen keskustelemaan maansa viimeaikaisista tapahtumista. T\u00e4m\u00e4n lis\u00e4ksi lis\u00e4ksi parlamentin nelj\u00e4 uutta valiokuntaa valitsevat puheenjohtajansa ja varapuheenjohtajansa. Euroopan komissio julkistaa uuden maahanmuutto- ja turvapaikkasopimuksen t\u00e4m\u00e4n viikon keskiviikkona. Torstaina ja perjantaina EU:n johtajat kokoontuvat Eurooppa-neuvoston erityiskokoukseen, jossa keskityt\u00e4\u00e4n sis\u00e4markkinoihin, teollisuuspolitiikkaan ja digitaaliseen muutokseen sek\u00e4 ulkosuhteisiin.&nbsp; Euroopan parlamentti EU:n [&hellip;]<\/p>\n","protected":false},"author":4,"featured_media":0,"comment_status":"open","ping_status":"open","sticky":false,"template":"","format":"standard","meta":{"_et_pb_use_builder":"","_et_pb_old_content":"","_et_gb_content_width":""},"categories":[8,14,9],"tags":[],"yoast_head":"<!-- This site is optimized with the Yoast SEO plugin v19.13 - https:\/\/yoast.com\/wordpress\/plugins\/seo\/ -->\n<title>Muuttoliike | Valko-Ven\u00e4j\u00e4 | EUCO - Eurooppalainen Suomi<\/title>\n<meta name=\"robots\" content=\"index, follow, max-snippet:-1, max-image-preview:large, max-video-preview:-1\" \/>\n<link rel=\"canonical\" href=\"https:\/\/www.eurooppalainensuomi.fi\/?p=1754\" \/>\n<meta property=\"og:locale\" content=\"en_US\" \/>\n<meta property=\"og:type\" content=\"article\" \/>\n<meta property=\"og:title\" content=\"Muuttoliike | Valko-Ven\u00e4j\u00e4 | EUCO - Eurooppalainen Suomi\" \/>\n<meta property=\"og:description\" content=\"Valkoven\u00e4l\u00e4inen oppositiojohtaja Sviatlana Tsikhanouskaya osallistuu t\u00e4n\u00e4\u00e4n Euroopan parlamentin ulkoasiainvaliokunnan kokoukseen keskustelemaan maansa viimeaikaisista tapahtumista. T\u00e4m\u00e4n lis\u00e4ksi lis\u00e4ksi parlamentin nelj\u00e4 uutta valiokuntaa valitsevat puheenjohtajansa ja varapuheenjohtajansa. Euroopan komissio julkistaa uuden maahanmuutto- ja turvapaikkasopimuksen t\u00e4m\u00e4n viikon keskiviikkona. Torstaina ja perjantaina EU:n johtajat kokoontuvat Eurooppa-neuvoston erityiskokoukseen, jossa keskityt\u00e4\u00e4n sis\u00e4markkinoihin, teollisuuspolitiikkaan ja digitaaliseen muutokseen sek\u00e4 ulkosuhteisiin.&nbsp; Euroopan parlamentti EU:n [&hellip;]\" \/>\n<meta property=\"og:url\" content=\"https:\/\/www.eurooppalainensuomi.fi\/?p=1754\" \/>\n<meta property=\"og:site_name\" content=\"Eurooppalainen Suomi\" \/>\n<meta property=\"article:publisher\" content=\"https:\/\/www.facebook.com\/eurooppalainensuomi\" \/>\n<meta property=\"article:published_time\" content=\"2020-09-21T10:02:12+00:00\" \/>\n<meta property=\"og:image\" content=\"https:\/\/www.eurooppalainensuomi.fi\/wp-content\/uploads\/2020\/09\/VIIKOSSA-1024x299.jpg\" \/>\n<meta name=\"author\" content=\"Admin\" \/>\n<meta name=\"twitter:card\" content=\"summary_large_image\" \/>\n<meta name=\"twitter:creator\" content=\"@em_finland\" \/>\n<meta name=\"twitter:site\" content=\"@em_finland\" \/>\n<meta name=\"twitter:label1\" content=\"Written by\" \/>\n\t<meta name=\"twitter:data1\" content=\"Admin\" \/>\n\t<meta name=\"twitter:label2\" content=\"Est. reading time\" \/>\n\t<meta name=\"twitter:data2\" content=\"1 minute\" \/>\n<script type=\"application\/ld+json\" class=\"yoast-schema-graph\">{\"@context\":\"https:\/\/schema.org\",\"@graph\":[{\"@type\":\"Article\",\"@id\":\"https:\/\/www.eurooppalainensuomi.fi\/?p=1754#article\",\"isPartOf\":{\"@id\":\"https:\/\/www.eurooppalainensuomi.fi\/?p=1754\"},\"author\":{\"name\":\"Admin\",\"@id\":\"https:\/\/www.eurooppalainensuomi.fi\/#\/schema\/person\/9635843384121bb89ed49f8d3129daee\"},\"headline\":\"Muuttoliike | Valko-Ven\u00e4j\u00e4 | EUCO\",\"datePublished\":\"2020-09-21T10:02:12+00:00\",\"dateModified\":\"2020-09-21T10:02:12+00:00\",\"mainEntityOfPage\":{\"@id\":\"https:\/\/www.eurooppalainensuomi.fi\/?p=1754\"},\"wordCount\":265,\"commentCount\":0,\"publisher\":{\"@id\":\"https:\/\/www.eurooppalainensuomi.fi\/#organization\"},\"articleSection\":[\"Ajankohtaista\",\"Tiedotteet\",\"Uutiset\"],\"inLanguage\":\"en\",\"potentialAction\":[{\"@type\":\"CommentAction\",\"name\":\"Comment\",\"target\":[\"https:\/\/www.eurooppalainensuomi.fi\/?p=1754#respond\"]}]},{\"@type\":\"WebPage\",\"@id\":\"https:\/\/www.eurooppalainensuomi.fi\/?p=1754\",\"url\":\"https:\/\/www.eurooppalainensuomi.fi\/?p=1754\",\"name\":\"Muuttoliike | Valko-Ven\u00e4j\u00e4 | EUCO - Eurooppalainen Suomi\",\"isPartOf\":{\"@id\":\"https:\/\/www.eurooppalainensuomi.fi\/#website\"},\"datePublished\":\"2020-09-21T10:02:12+00:00\",\"dateModified\":\"2020-09-21T10:02:12+00:00\",\"breadcrumb\":{\"@id\":\"https:\/\/www.eurooppalainensuomi.fi\/?p=1754#breadcrumb\"},\"inLanguage\":\"en\",\"potentialAction\":[{\"@type\":\"ReadAction\",\"target\":[\"https:\/\/www.eurooppalainensuomi.fi\/?p=1754\"]}]},{\"@type\":\"BreadcrumbList\",\"@id\":\"https:\/\/www.eurooppalainensuomi.fi\/?p=1754#breadcrumb\",\"itemListElement\":[{\"@type\":\"ListItem\",\"position\":1,\"name\":\"Etusivu\",\"item\":\"https:\/\/www.eurooppalainensuomi.fi\/\"},{\"@type\":\"ListItem\",\"position\":2,\"name\":\"Muuttoliike | Valko-Ven\u00e4j\u00e4 | EUCO\"}]},{\"@type\":\"WebSite\",\"@id\":\"https:\/\/www.eurooppalainensuomi.fi\/#website\",\"url\":\"https:\/\/www.eurooppalainensuomi.fi\/\",\"name\":\"Eurooppalainen Suomi\",\"description\":\"Parempaa Eurooppaa rakentamassa\",\"publisher\":{\"@id\":\"https:\/\/www.eurooppalainensuomi.fi\/#organization\"},\"potentialAction\":[{\"@type\":\"SearchAction\",\"target\":{\"@type\":\"EntryPoint\",\"urlTemplate\":\"https:\/\/www.eurooppalainensuomi.fi\/?s={search_term_string}\"},\"query-input\":\"required name=search_term_string\"}],\"inLanguage\":\"en\"},{\"@type\":\"Organization\",\"@id\":\"https:\/\/www.eurooppalainensuomi.fi\/#organization\",\"name\":\"Eurooppalainen Suomi ry\",\"url\":\"https:\/\/www.eurooppalainensuomi.fi\/\",\"logo\":{\"@type\":\"ImageObject\",\"inLanguage\":\"en\",\"@id\":\"https:\/\/www.eurooppalainensuomi.fi\/#\/schema\/logo\/image\/\",\"url\":\"https:\/\/www.eurooppalainensuomi.fi\/wp-content\/uploads\/2021\/01\/PNG_large.png\",\"contentUrl\":\"https:\/\/www.eurooppalainensuomi.fi\/wp-content\/uploads\/2021\/01\/PNG_large.png\",\"width\":586,\"height\":220,\"caption\":\"Eurooppalainen Suomi ry\"},\"image\":{\"@id\":\"https:\/\/www.eurooppalainensuomi.fi\/#\/schema\/logo\/image\/\"},\"sameAs\":[\"https:\/\/instagram.com\/eurooppalainensuomi\",\"https:\/\/www.youtube.com\/channel\/UCBeqyrm1ze2RinjeAYS_-Jg\",\"https:\/\/fi.wikipedia.org\/wiki\/Eurooppalainen_Suomi\",\"https:\/\/www.facebook.com\/eurooppalainensuomi\",\"https:\/\/twitter.com\/em_finland\"]},{\"@type\":\"Person\",\"@id\":\"https:\/\/www.eurooppalainensuomi.fi\/#\/schema\/person\/9635843384121bb89ed49f8d3129daee\",\"name\":\"Admin\",\"image\":{\"@type\":\"ImageObject\",\"inLanguage\":\"en\",\"@id\":\"https:\/\/www.eurooppalainensuomi.fi\/#\/schema\/person\/image\/\",\"url\":\"https:\/\/secure.gravatar.com\/avatar\/813eb247d5c8e5914db8a949c18b8e26?s=96&d=mm&r=g\",\"contentUrl\":\"https:\/\/secure.gravatar.com\/avatar\/813eb247d5c8e5914db8a949c18b8e26?s=96&d=mm&r=g\",\"caption\":\"Admin\"}}]}<\/script>\n<!-- \/ Yoast SEO plugin. -->","yoast_head_json":{"title":"Muuttoliike | Valko-Ven\u00e4j\u00e4 | EUCO - Eurooppalainen Suomi","robots":{"index":"index","follow":"follow","max-snippet":"max-snippet:-1","max-image-preview":"max-image-preview:large","max-video-preview":"max-video-preview:-1"},"canonical":"https:\/\/www.eurooppalainensuomi.fi\/?p=1754","og_locale":"en_US","og_type":"article","og_title":"Muuttoliike | Valko-Ven\u00e4j\u00e4 | EUCO - Eurooppalainen Suomi","og_description":"Valkoven\u00e4l\u00e4inen oppositiojohtaja Sviatlana Tsikhanouskaya osallistuu t\u00e4n\u00e4\u00e4n Euroopan parlamentin ulkoasiainvaliokunnan kokoukseen keskustelemaan maansa viimeaikaisista tapahtumista. T\u00e4m\u00e4n lis\u00e4ksi lis\u00e4ksi parlamentin nelj\u00e4 uutta valiokuntaa valitsevat puheenjohtajansa ja varapuheenjohtajansa. Euroopan komissio julkistaa uuden maahanmuutto- ja turvapaikkasopimuksen t\u00e4m\u00e4n viikon keskiviikkona. Torstaina ja perjantaina EU:n johtajat kokoontuvat Eurooppa-neuvoston erityiskokoukseen, jossa keskityt\u00e4\u00e4n sis\u00e4markkinoihin, teollisuuspolitiikkaan ja digitaaliseen muutokseen sek\u00e4 ulkosuhteisiin.&nbsp; Euroopan parlamentti EU:n [&hellip;]","og_url":"https:\/\/www.eurooppalainensuomi.fi\/?p=1754","og_site_name":"Eurooppalainen Suomi","article_publisher":"https:\/\/www.facebook.com\/eurooppalainensuomi","article_published_time":"2020-09-21T10:02:12+00:00","og_image":[{"url":"https:\/\/www.eurooppalainensuomi.fi\/wp-content\/uploads\/2020\/09\/VIIKOSSA-1024x299.jpg"}],"author":"Admin","twitter_card":"summary_large_image","twitter_creator":"@em_finland","twitter_site":"@em_finland","twitter_misc":{"Written by":"Admin","Est. reading time":"1 minute"},"schema":{"@context":"https:\/\/schema.org","@graph":[{"@type":"Article","@id":"https:\/\/www.eurooppalainensuomi.fi\/?p=1754#article","isPartOf":{"@id":"https:\/\/www.eurooppalainensuomi.fi\/?p=1754"},"author":{"name":"Admin","@id":"https:\/\/www.eurooppalainensuomi.fi\/#\/schema\/person\/9635843384121bb89ed49f8d3129daee"},"headline":"Muuttoliike | Valko-Ven\u00e4j\u00e4 | EUCO","datePublished":"2020-09-21T10:02:12+00:00","dateModified":"2020-09-21T10:02:12+00:00","mainEntityOfPage":{"@id":"https:\/\/www.eurooppalainensuomi.fi\/?p=1754"},"wordCount":265,"commentCount":0,"publisher":{"@id":"https:\/\/www.eurooppalainensuomi.fi\/#organization"},"articleSection":["Ajankohtaista","Tiedotteet","Uutiset"],"inLanguage":"en","potentialAction":[{"@type":"CommentAction","name":"Comment","target":["https:\/\/www.eurooppalainensuomi.fi\/?p=1754#respond"]}]},{"@type":"WebPage","@id":"https:\/\/www.eurooppalainensuomi.fi\/?p=1754","url":"https:\/\/www.eurooppalainensuomi.fi\/?p=1754","name":"Muuttoliike | Valko-Ven\u00e4j\u00e4 | EUCO - Eurooppalainen Suomi","isPartOf":{"@id":"https:\/\/www.eurooppalainensuomi.fi\/#website"},"datePublished":"2020-09-21T10:02:12+00:00","dateModified":"2020-09-21T10:02:12+00:00","breadcrumb":{"@id":"https:\/\/www.eurooppalainensuomi.fi\/?p=1754#breadcrumb"},"inLanguage":"en","potentialAction":[{"@type":"ReadAction","target":["https:\/\/www.eurooppalainensuomi.fi\/?p=1754"]}]},{"@type":"BreadcrumbList","@id":"https:\/\/www.eurooppalainensuomi.fi\/?p=1754#breadcrumb","itemListElement":[{"@type":"ListItem","position":1,"name":"Etusivu","item":"https:\/\/www.eurooppalainensuomi.fi\/"},{"@type":"ListItem","position":2,"name":"Muuttoliike | Valko-Ven\u00e4j\u00e4 | EUCO"}]},{"@type":"WebSite","@id":"https:\/\/www.eurooppalainensuomi.fi\/#website","url":"https:\/\/www.eurooppalainensuomi.fi\/","name":"Eurooppalainen Suomi","description":"Parempaa Eurooppaa rakentamassa","publisher":{"@id":"https:\/\/www.eurooppalainensuomi.fi\/#organization"},"potentialAction":[{"@type":"SearchAction","target":{"@type":"EntryPoint","urlTemplate":"https:\/\/www.eurooppalainensuomi.fi\/?s={search_term_string}"},"query-input":"required name=search_term_string"}],"inLanguage":"en"},{"@type":"Organization","@id":"https:\/\/www.eurooppalainensuomi.fi\/#organization","name":"Eurooppalainen Suomi ry","url":"https:\/\/www.eurooppalainensuomi.fi\/","logo":{"@type":"ImageObject","inLanguage":"en","@id":"https:\/\/www.eurooppalainensuomi.fi\/#\/schema\/logo\/image\/","url":"https:\/\/www.eurooppalainensuomi.fi\/wp-content\/uploads\/2021\/01\/PNG_large.png","contentUrl":"https:\/\/www.eurooppalainensuomi.fi\/wp-content\/uploads\/2021\/01\/PNG_large.png","width":586,"height":220,"caption":"Eurooppalainen Suomi ry"},"image":{"@id":"https:\/\/www.eurooppalainensuomi.fi\/#\/schema\/logo\/image\/"},"sameAs":["https:\/\/instagram.com\/eurooppalainensuomi","https:\/\/www.youtube.com\/channel\/UCBeqyrm1ze2RinjeAYS_-Jg","https:\/\/fi.wikipedia.org\/wiki\/Eurooppalainen_Suomi","https:\/\/www.facebook.com\/eurooppalainensuomi","https:\/\/twitter.com\/em_finland"]},{"@type":"Person","@id":"https:\/\/www.eurooppalainensuomi.fi\/#\/schema\/person\/9635843384121bb89ed49f8d3129daee","name":"Admin","image":{"@type":"ImageObject","inLanguage":"en","@id":"https:\/\/www.eurooppalainensuomi.fi\/#\/schema\/person\/image\/","url":"https:\/\/secure.gravatar.com\/avatar\/813eb247d5c8e5914db8a949c18b8e26?s=96&d=mm&r=g","contentUrl":"https:\/\/secure.gravatar.com\/avatar\/813eb247d5c8e5914db8a949c18b8e26?s=96&d=mm&r=g","caption":"Admin"}}]}},"jetpack_featured_media_url":"","_links":{"self":[{"href":"https:\/\/www.eurooppalainensuomi.fi\/index.php?rest_route=\/wp\/v2\/posts\/1754"}],"collection":[{"href":"https:\/\/www.eurooppalainensuomi.fi\/index.php?rest_route=\/wp\/v2\/posts"}],"about":[{"href":"https:\/\/www.eurooppalainensuomi.fi\/index.php?rest_route=\/wp\/v2\/types\/post"}],"author":[{"embeddable":true,"href":"https:\/\/www.eurooppalainensuomi.fi\/index.php?rest_route=\/wp\/v2\/users\/4"}],"replies":[{"embeddable":true,"href":"https:\/\/www.eurooppalainensuomi.fi\/index.php?rest_route=%2Fwp%2Fv2%2Fcomments&post=1754"}],"version-history":[{"count":0,"href":"https:\/\/www.eurooppalainensuomi.fi\/index.php?rest_route=\/wp\/v2\/posts\/1754\/revisions"}],"wp:attachment":[{"href":"https:\/\/www.eurooppalainensuomi.fi\/index.php?rest_route=%2Fwp%2Fv2%2Fmedia&parent=1754"}],"wp:term":[{"taxonomy":"category","embeddable":true,"href":"https:\/\/www.eurooppalainensuomi.fi\/index.php?rest_route=%2Fwp%2Fv2%2Fcategories&post=1754"},{"taxonomy":"post_tag","embeddable":true,"href":"https:\/\/www.eurooppalainensuomi.fi\/index.php?rest_route=%2Fwp%2Fv2%2Ftags&post=1754"}],"curies":[{"name":"wp","href":"https:\/\/api.w.org\/{rel}","templated":true}]}}