{"id":1751,"date":"2020-09-14T12:55:29","date_gmt":"2020-09-14T09:55:29","guid":{"rendered":"http:\/\/www.eurooppalainensuomi.fi\/?p=1751"},"modified":"2020-09-14T12:55:29","modified_gmt":"2020-09-14T09:55:29","slug":"kutsu-eurooppalaisen-suomen-kevatkokous","status":"publish","type":"post","link":"https:\/\/www.eurooppalainensuomi.fi\/?p=1751","title":{"rendered":"KUTSU | EUROOPPALAISEN SUOMEN KEV\u00c4TKOKOUS"},"content":{"rendered":"\n<p><strong>Hyv\u00e4t&nbsp;Eurooppalaisen&nbsp;Suomen j\u00e4senyhteis\u00f6jen ja sidosryhmien edustajat,<\/strong>&nbsp;<\/p>\n\n\n\n<p>Eurooppalaisen Suomen s\u00e4\u00e4nt\u00f6m\u00e4\u00e4r\u00e4ist\u00e4 kev\u00e4tkokousta ei j\u00e4rjestetty s\u00e4\u00e4nt\u00f6jen edellytt\u00e4m\u00e4ll\u00e4 tavalla tammi-toukokuussa, koska valtioneuvoston p\u00e4\u00e4t\u00f6ksell\u00e4 julkiset kokoontumiset rajoitettiin kymmeneen henkil\u00f6\u00f6n koronavirustilanteen vuoksi. Kokouksen siirtymisest\u00e4 ilmoitettiin yhdistyksen j\u00e4senille 19.5.2020.<\/p>\n\n\n\n<p>V\u00e4liaikainen laki (laki v\u00e4liaikaisesta poikkeamisesta osakeyhti\u00f6laista, asunto-osakeyhti\u00f6laista, osuuskuntalaista, yhdistyslaista ja er\u00e4ist\u00e4 muista yhteis\u00f6laeista Covid-19-epidemian levi\u00e4misen rajoittamiseksi; 290\/2020) on tullut voimaan 1.5.2020. Lain mukaan yhdistykset voivat my\u00f6hent\u00e4\u00e4 vuosikokouksen pit\u00e4mist\u00e4 30.9.2020 asti.<\/p>\n\n\n\n<p>Eurooppalainen Suomi j\u00e4rjest\u00e4\u00e4 s\u00e4\u00e4nt\u00f6m\u00e4\u00e4r\u00e4isen kev\u00e4tkokouksensa keskiviikkona 30.9.2020 kello 15:00 alkaen. Kokous j\u00e4rjestet\u00e4\u00e4n Eurooppalaisen Suomen toimistolla, osoitteessa Siltasaarenkatu 4, 7. krs. 00530 Helsinki, mutta koronavirustilanteesta ja siihen liittyvist\u00e4 viranomaissuosituksista sek\u00e4 tilaan liittyvist\u00e4 koronarajoituksista johtuen pyyd\u00e4mme yhdistyksen j\u00e4seni\u00e4 osallistumaan kokoukseen ensisijaisesti et\u00e4n\u00e4 Zoom-alustan kautta. Ohjeet ja osallistumislinkki l\u00e4hetet\u00e4\u00e4n kokoukseen ilmoittautuneille my\u00f6hemmin. Yhdistyksen kev\u00e4tkokouksessa k\u00e4sitell\u00e4\u00e4n seuraavat asiat:<\/p>\n\n\n\n<ol type=\"1\"><li>Kokouksen avaus<\/li><li>Kokouksen j\u00e4rjest\u00e4ytyminen<\/li><li>Laillisuus ja p\u00e4\u00e4t\u00f6svaltaisuus<\/li><li>Ty\u00f6j\u00e4rjestys<\/li><li>Toimintakertomus ja tilinp\u00e4\u00e4t\u00f6s edelliselt\u00e4 vuodelta<\/li><li>Tilintarkastajan lausunto<\/li><li>Tilinp\u00e4\u00e4t\u00f6ksen vahvistaminen<\/li><li>Vastuuvapauden my\u00f6nt\u00e4minen<\/li><li>Muut hallituksen esitt\u00e4m\u00e4t asiat<\/li><li>Kev\u00e4tkokoukselle tehdyt aloitteet<\/li><li>Kokouksen p\u00e4\u00e4tt\u00e4minen<\/li><\/ol>\n\n\n\n<p><strong>\u00c4\u00e4nioikeus ja p\u00e4\u00e4t\u00f6ksenteko kev\u00e4tkokouksessa<\/strong><\/p>\n\n\n\n<ul><li>\u00c4\u00e4nioikeus yhdistyksen kokouksessa on edellisen vuoden j\u00e4senmaksunsa maksaneilla j\u00e4senill\u00e4.<\/li><li>Jokaisella yhdistyksen henkil\u00f6j\u00e4senell\u00e4 on yksi \u00e4\u00e4ni.<\/li><li>Alueyhdistyksill\u00e4 on kokouksessa yksi \u00e4\u00e4ni kutakin alkavaa 30 kyseisen alueyhdistyksen henkil\u00f6j\u00e4sent\u00e4 kohden.<\/li><li>Sisarj\u00e4rjest\u00f6ill\u00e4 on kokouksessa yksi \u00e4\u00e4ni kutakin alkavaa 50 henkil\u00f6j\u00e4sent\u00e4\u00e4n kohden.<\/li><li>Yhteis\u00f6j\u00e4senill\u00e4 on kokouksessa yksi \u00e4\u00e4ni kutakin alkavaa 10 000 j\u00e4sent\u00e4\u00e4n kohden, kuitenkin enint\u00e4\u00e4n 50 \u00e4\u00e4nt\u00e4.<\/li><li>J\u00e4senyhteis\u00f6jen \u00e4\u00e4nim\u00e4\u00e4r\u00e4 perustuu edellisen vuoden 31.12. tilanteeseen.<\/li><li>Alueyhdistykset, sisarj\u00e4rjest\u00f6t ja yhteis\u00f6j\u00e4senet k\u00e4ytt\u00e4v\u00e4t \u00e4\u00e4ni\u00e4\u00e4n kokouksessa valtakirjalla valtuuttamansa edustajan v\u00e4lityksell\u00e4.<\/li><li>Poliittisilla puolueilla ei ole \u00e4\u00e4nioikeutta kokouksessa, mutta heid\u00e4n edustajansa ovat tervetulleita seuraamaan kokousta.<\/li><li>P\u00e4\u00e4t\u00f6kset yhdistyksen kokouksissa tehd\u00e4\u00e4n yksinkertaisella \u00e4\u00e4nten enemmist\u00f6ll\u00e4. \u00c4\u00e4nten menness\u00e4 tasan ratkaisee kokouksen puheenjohtajan kanta, paitsi vaaleissa arpa.<\/li><\/ul>\n\n\n\n<p>Ilmoittautuminen kokoukseen tapahtuu\u00a0<a href=\"https:\/\/forms.gle\/PYjnVDWFDyMP9Xx5A\">t\u00e4m\u00e4n verkkolomakkeen kautta<\/a> perjantaihin 25.09.2020 menness\u00e4. <a href=\"https:\/\/www.eurooppalainensuomi.fi\/wp-content\/uploads\/2020\/09\/Materiaalipaketti_kevatkokous.pdf\">Voit ladata kev\u00e4tkokouksen materiaalipaketin t\u00e4\u00e4lt\u00e4.<\/a> Se l\u00e4hetet\u00e4\u00e4n s\u00e4hk\u00f6postitse kaikille ilmoittautuneille.<\/p>\n\n\n\n<p>Helsingiss\u00e4 14.9.2020<\/p>\n\n\n\n<p>Aku Aarva<br>toiminnanjohtaja<br>Eurooppalainen Suomi ry<br>+358 41&nbsp;432 6510<br><a href=\"mailto:aku.aarva@eurooppalainensuomi.fi\">aku.aarva@eurooppalainensuomi.fi<\/a><\/p>\n","protected":false},"excerpt":{"rendered":"<p>Hyv\u00e4t&nbsp;Eurooppalaisen&nbsp;Suomen j\u00e4senyhteis\u00f6jen ja sidosryhmien edustajat,&nbsp; Eurooppalaisen Suomen s\u00e4\u00e4nt\u00f6m\u00e4\u00e4r\u00e4ist\u00e4 kev\u00e4tkokousta ei j\u00e4rjestetty s\u00e4\u00e4nt\u00f6jen edellytt\u00e4m\u00e4ll\u00e4 tavalla tammi-toukokuussa, koska valtioneuvoston p\u00e4\u00e4t\u00f6ksell\u00e4 julkiset kokoontumiset rajoitettiin kymmeneen henkil\u00f6\u00f6n koronavirustilanteen vuoksi. Kokouksen siirtymisest\u00e4 ilmoitettiin yhdistyksen j\u00e4senille 19.5.2020. V\u00e4liaikainen laki (laki v\u00e4liaikaisesta poikkeamisesta osakeyhti\u00f6laista, asunto-osakeyhti\u00f6laista, osuuskuntalaista, yhdistyslaista ja er\u00e4ist\u00e4 muista yhteis\u00f6laeista Covid-19-epidemian levi\u00e4misen rajoittamiseksi; 290\/2020) on tullut voimaan 1.5.2020. Lain mukaan yhdistykset [&hellip;]<\/p>\n","protected":false},"author":4,"featured_media":0,"comment_status":"open","ping_status":"open","sticky":false,"template":"","format":"standard","meta":{"_et_pb_use_builder":"","_et_pb_old_content":"","_et_gb_content_width":""},"categories":[8,14],"tags":[],"yoast_head":"<!-- This site is optimized with the Yoast SEO plugin v19.13 - https:\/\/yoast.com\/wordpress\/plugins\/seo\/ -->\n<title>KUTSU | EUROOPPALAISEN SUOMEN KEV\u00c4TKOKOUS - Eurooppalainen Suomi<\/title>\n<meta name=\"robots\" content=\"index, follow, max-snippet:-1, max-image-preview:large, max-video-preview:-1\" \/>\n<link rel=\"canonical\" href=\"https:\/\/www.eurooppalainensuomi.fi\/?p=1751\" \/>\n<meta property=\"og:locale\" content=\"en_US\" \/>\n<meta property=\"og:type\" content=\"article\" \/>\n<meta property=\"og:title\" content=\"KUTSU | EUROOPPALAISEN SUOMEN KEV\u00c4TKOKOUS - Eurooppalainen Suomi\" \/>\n<meta property=\"og:description\" content=\"Hyv\u00e4t&nbsp;Eurooppalaisen&nbsp;Suomen j\u00e4senyhteis\u00f6jen ja sidosryhmien edustajat,&nbsp; Eurooppalaisen Suomen s\u00e4\u00e4nt\u00f6m\u00e4\u00e4r\u00e4ist\u00e4 kev\u00e4tkokousta ei j\u00e4rjestetty s\u00e4\u00e4nt\u00f6jen edellytt\u00e4m\u00e4ll\u00e4 tavalla tammi-toukokuussa, koska valtioneuvoston p\u00e4\u00e4t\u00f6ksell\u00e4 julkiset kokoontumiset rajoitettiin kymmeneen henkil\u00f6\u00f6n koronavirustilanteen vuoksi. Kokouksen siirtymisest\u00e4 ilmoitettiin yhdistyksen j\u00e4senille 19.5.2020. V\u00e4liaikainen laki (laki v\u00e4liaikaisesta poikkeamisesta osakeyhti\u00f6laista, asunto-osakeyhti\u00f6laista, osuuskuntalaista, yhdistyslaista ja er\u00e4ist\u00e4 muista yhteis\u00f6laeista Covid-19-epidemian levi\u00e4misen rajoittamiseksi; 290\/2020) on tullut voimaan 1.5.2020. Lain mukaan yhdistykset [&hellip;]\" \/>\n<meta property=\"og:url\" content=\"https:\/\/www.eurooppalainensuomi.fi\/?p=1751\" \/>\n<meta property=\"og:site_name\" content=\"Eurooppalainen Suomi\" \/>\n<meta property=\"article:publisher\" content=\"https:\/\/www.facebook.com\/eurooppalainensuomi\" \/>\n<meta property=\"article:published_time\" content=\"2020-09-14T09:55:29+00:00\" \/>\n<meta name=\"author\" content=\"Admin\" \/>\n<meta name=\"twitter:card\" content=\"summary_large_image\" \/>\n<meta name=\"twitter:creator\" content=\"@em_finland\" \/>\n<meta name=\"twitter:site\" content=\"@em_finland\" \/>\n<meta name=\"twitter:label1\" content=\"Written by\" \/>\n\t<meta name=\"twitter:data1\" content=\"Admin\" \/>\n\t<meta name=\"twitter:label2\" content=\"Est. reading time\" \/>\n\t<meta name=\"twitter:data2\" content=\"2 minutes\" \/>\n<script type=\"application\/ld+json\" class=\"yoast-schema-graph\">{\"@context\":\"https:\/\/schema.org\",\"@graph\":[{\"@type\":\"Article\",\"@id\":\"https:\/\/www.eurooppalainensuomi.fi\/?p=1751#article\",\"isPartOf\":{\"@id\":\"https:\/\/www.eurooppalainensuomi.fi\/?p=1751\"},\"author\":{\"name\":\"Admin\",\"@id\":\"https:\/\/www.eurooppalainensuomi.fi\/#\/schema\/person\/9635843384121bb89ed49f8d3129daee\"},\"headline\":\"KUTSU | EUROOPPALAISEN SUOMEN KEV\u00c4TKOKOUS\",\"datePublished\":\"2020-09-14T09:55:29+00:00\",\"dateModified\":\"2020-09-14T09:55:29+00:00\",\"mainEntityOfPage\":{\"@id\":\"https:\/\/www.eurooppalainensuomi.fi\/?p=1751\"},\"wordCount\":375,\"commentCount\":0,\"publisher\":{\"@id\":\"https:\/\/www.eurooppalainensuomi.fi\/#organization\"},\"articleSection\":[\"Ajankohtaista\",\"Tiedotteet\"],\"inLanguage\":\"en\",\"potentialAction\":[{\"@type\":\"CommentAction\",\"name\":\"Comment\",\"target\":[\"https:\/\/www.eurooppalainensuomi.fi\/?p=1751#respond\"]}]},{\"@type\":\"WebPage\",\"@id\":\"https:\/\/www.eurooppalainensuomi.fi\/?p=1751\",\"url\":\"https:\/\/www.eurooppalainensuomi.fi\/?p=1751\",\"name\":\"KUTSU | EUROOPPALAISEN SUOMEN KEV\u00c4TKOKOUS - Eurooppalainen Suomi\",\"isPartOf\":{\"@id\":\"https:\/\/www.eurooppalainensuomi.fi\/#website\"},\"datePublished\":\"2020-09-14T09:55:29+00:00\",\"dateModified\":\"2020-09-14T09:55:29+00:00\",\"breadcrumb\":{\"@id\":\"https:\/\/www.eurooppalainensuomi.fi\/?p=1751#breadcrumb\"},\"inLanguage\":\"en\",\"potentialAction\":[{\"@type\":\"ReadAction\",\"target\":[\"https:\/\/www.eurooppalainensuomi.fi\/?p=1751\"]}]},{\"@type\":\"BreadcrumbList\",\"@id\":\"https:\/\/www.eurooppalainensuomi.fi\/?p=1751#breadcrumb\",\"itemListElement\":[{\"@type\":\"ListItem\",\"position\":1,\"name\":\"Etusivu\",\"item\":\"https:\/\/www.eurooppalainensuomi.fi\/\"},{\"@type\":\"ListItem\",\"position\":2,\"name\":\"KUTSU | EUROOPPALAISEN SUOMEN KEV\u00c4TKOKOUS\"}]},{\"@type\":\"WebSite\",\"@id\":\"https:\/\/www.eurooppalainensuomi.fi\/#website\",\"url\":\"https:\/\/www.eurooppalainensuomi.fi\/\",\"name\":\"Eurooppalainen Suomi\",\"description\":\"Parempaa Eurooppaa rakentamassa\",\"publisher\":{\"@id\":\"https:\/\/www.eurooppalainensuomi.fi\/#organization\"},\"potentialAction\":[{\"@type\":\"SearchAction\",\"target\":{\"@type\":\"EntryPoint\",\"urlTemplate\":\"https:\/\/www.eurooppalainensuomi.fi\/?s={search_term_string}\"},\"query-input\":\"required name=search_term_string\"}],\"inLanguage\":\"en\"},{\"@type\":\"Organization\",\"@id\":\"https:\/\/www.eurooppalainensuomi.fi\/#organization\",\"name\":\"Eurooppalainen Suomi ry\",\"url\":\"https:\/\/www.eurooppalainensuomi.fi\/\",\"logo\":{\"@type\":\"ImageObject\",\"inLanguage\":\"en\",\"@id\":\"https:\/\/www.eurooppalainensuomi.fi\/#\/schema\/logo\/image\/\",\"url\":\"https:\/\/www.eurooppalainensuomi.fi\/wp-content\/uploads\/2021\/01\/PNG_large.png\",\"contentUrl\":\"https:\/\/www.eurooppalainensuomi.fi\/wp-content\/uploads\/2021\/01\/PNG_large.png\",\"width\":586,\"height\":220,\"caption\":\"Eurooppalainen Suomi ry\"},\"image\":{\"@id\":\"https:\/\/www.eurooppalainensuomi.fi\/#\/schema\/logo\/image\/\"},\"sameAs\":[\"https:\/\/instagram.com\/eurooppalainensuomi\",\"https:\/\/www.youtube.com\/channel\/UCBeqyrm1ze2RinjeAYS_-Jg\",\"https:\/\/fi.wikipedia.org\/wiki\/Eurooppalainen_Suomi\",\"https:\/\/www.facebook.com\/eurooppalainensuomi\",\"https:\/\/twitter.com\/em_finland\"]},{\"@type\":\"Person\",\"@id\":\"https:\/\/www.eurooppalainensuomi.fi\/#\/schema\/person\/9635843384121bb89ed49f8d3129daee\",\"name\":\"Admin\",\"image\":{\"@type\":\"ImageObject\",\"inLanguage\":\"en\",\"@id\":\"https:\/\/www.eurooppalainensuomi.fi\/#\/schema\/person\/image\/\",\"url\":\"https:\/\/secure.gravatar.com\/avatar\/813eb247d5c8e5914db8a949c18b8e26?s=96&d=mm&r=g\",\"contentUrl\":\"https:\/\/secure.gravatar.com\/avatar\/813eb247d5c8e5914db8a949c18b8e26?s=96&d=mm&r=g\",\"caption\":\"Admin\"}}]}<\/script>\n<!-- \/ Yoast SEO plugin. -->","yoast_head_json":{"title":"KUTSU | EUROOPPALAISEN SUOMEN KEV\u00c4TKOKOUS - Eurooppalainen Suomi","robots":{"index":"index","follow":"follow","max-snippet":"max-snippet:-1","max-image-preview":"max-image-preview:large","max-video-preview":"max-video-preview:-1"},"canonical":"https:\/\/www.eurooppalainensuomi.fi\/?p=1751","og_locale":"en_US","og_type":"article","og_title":"KUTSU | EUROOPPALAISEN SUOMEN KEV\u00c4TKOKOUS - Eurooppalainen Suomi","og_description":"Hyv\u00e4t&nbsp;Eurooppalaisen&nbsp;Suomen j\u00e4senyhteis\u00f6jen ja sidosryhmien edustajat,&nbsp; Eurooppalaisen Suomen s\u00e4\u00e4nt\u00f6m\u00e4\u00e4r\u00e4ist\u00e4 kev\u00e4tkokousta ei j\u00e4rjestetty s\u00e4\u00e4nt\u00f6jen edellytt\u00e4m\u00e4ll\u00e4 tavalla tammi-toukokuussa, koska valtioneuvoston p\u00e4\u00e4t\u00f6ksell\u00e4 julkiset kokoontumiset rajoitettiin kymmeneen henkil\u00f6\u00f6n koronavirustilanteen vuoksi. Kokouksen siirtymisest\u00e4 ilmoitettiin yhdistyksen j\u00e4senille 19.5.2020. V\u00e4liaikainen laki (laki v\u00e4liaikaisesta poikkeamisesta osakeyhti\u00f6laista, asunto-osakeyhti\u00f6laista, osuuskuntalaista, yhdistyslaista ja er\u00e4ist\u00e4 muista yhteis\u00f6laeista Covid-19-epidemian levi\u00e4misen rajoittamiseksi; 290\/2020) on tullut voimaan 1.5.2020. Lain mukaan yhdistykset [&hellip;]","og_url":"https:\/\/www.eurooppalainensuomi.fi\/?p=1751","og_site_name":"Eurooppalainen Suomi","article_publisher":"https:\/\/www.facebook.com\/eurooppalainensuomi","article_published_time":"2020-09-14T09:55:29+00:00","author":"Admin","twitter_card":"summary_large_image","twitter_creator":"@em_finland","twitter_site":"@em_finland","twitter_misc":{"Written by":"Admin","Est. reading time":"2 minutes"},"schema":{"@context":"https:\/\/schema.org","@graph":[{"@type":"Article","@id":"https:\/\/www.eurooppalainensuomi.fi\/?p=1751#article","isPartOf":{"@id":"https:\/\/www.eurooppalainensuomi.fi\/?p=1751"},"author":{"name":"Admin","@id":"https:\/\/www.eurooppalainensuomi.fi\/#\/schema\/person\/9635843384121bb89ed49f8d3129daee"},"headline":"KUTSU | EUROOPPALAISEN SUOMEN KEV\u00c4TKOKOUS","datePublished":"2020-09-14T09:55:29+00:00","dateModified":"2020-09-14T09:55:29+00:00","mainEntityOfPage":{"@id":"https:\/\/www.eurooppalainensuomi.fi\/?p=1751"},"wordCount":375,"commentCount":0,"publisher":{"@id":"https:\/\/www.eurooppalainensuomi.fi\/#organization"},"articleSection":["Ajankohtaista","Tiedotteet"],"inLanguage":"en","potentialAction":[{"@type":"CommentAction","name":"Comment","target":["https:\/\/www.eurooppalainensuomi.fi\/?p=1751#respond"]}]},{"@type":"WebPage","@id":"https:\/\/www.eurooppalainensuomi.fi\/?p=1751","url":"https:\/\/www.eurooppalainensuomi.fi\/?p=1751","name":"KUTSU | EUROOPPALAISEN SUOMEN KEV\u00c4TKOKOUS - Eurooppalainen Suomi","isPartOf":{"@id":"https:\/\/www.eurooppalainensuomi.fi\/#website"},"datePublished":"2020-09-14T09:55:29+00:00","dateModified":"2020-09-14T09:55:29+00:00","breadcrumb":{"@id":"https:\/\/www.eurooppalainensuomi.fi\/?p=1751#breadcrumb"},"inLanguage":"en","potentialAction":[{"@type":"ReadAction","target":["https:\/\/www.eurooppalainensuomi.fi\/?p=1751"]}]},{"@type":"BreadcrumbList","@id":"https:\/\/www.eurooppalainensuomi.fi\/?p=1751#breadcrumb","itemListElement":[{"@type":"ListItem","position":1,"name":"Etusivu","item":"https:\/\/www.eurooppalainensuomi.fi\/"},{"@type":"ListItem","position":2,"name":"KUTSU | EUROOPPALAISEN SUOMEN KEV\u00c4TKOKOUS"}]},{"@type":"WebSite","@id":"https:\/\/www.eurooppalainensuomi.fi\/#website","url":"https:\/\/www.eurooppalainensuomi.fi\/","name":"Eurooppalainen Suomi","description":"Parempaa Eurooppaa rakentamassa","publisher":{"@id":"https:\/\/www.eurooppalainensuomi.fi\/#organization"},"potentialAction":[{"@type":"SearchAction","target":{"@type":"EntryPoint","urlTemplate":"https:\/\/www.eurooppalainensuomi.fi\/?s={search_term_string}"},"query-input":"required name=search_term_string"}],"inLanguage":"en"},{"@type":"Organization","@id":"https:\/\/www.eurooppalainensuomi.fi\/#organization","name":"Eurooppalainen Suomi ry","url":"https:\/\/www.eurooppalainensuomi.fi\/","logo":{"@type":"ImageObject","inLanguage":"en","@id":"https:\/\/www.eurooppalainensuomi.fi\/#\/schema\/logo\/image\/","url":"https:\/\/www.eurooppalainensuomi.fi\/wp-content\/uploads\/2021\/01\/PNG_large.png","contentUrl":"https:\/\/www.eurooppalainensuomi.fi\/wp-content\/uploads\/2021\/01\/PNG_large.png","width":586,"height":220,"caption":"Eurooppalainen Suomi ry"},"image":{"@id":"https:\/\/www.eurooppalainensuomi.fi\/#\/schema\/logo\/image\/"},"sameAs":["https:\/\/instagram.com\/eurooppalainensuomi","https:\/\/www.youtube.com\/channel\/UCBeqyrm1ze2RinjeAYS_-Jg","https:\/\/fi.wikipedia.org\/wiki\/Eurooppalainen_Suomi","https:\/\/www.facebook.com\/eurooppalainensuomi","https:\/\/twitter.com\/em_finland"]},{"@type":"Person","@id":"https:\/\/www.eurooppalainensuomi.fi\/#\/schema\/person\/9635843384121bb89ed49f8d3129daee","name":"Admin","image":{"@type":"ImageObject","inLanguage":"en","@id":"https:\/\/www.eurooppalainensuomi.fi\/#\/schema\/person\/image\/","url":"https:\/\/secure.gravatar.com\/avatar\/813eb247d5c8e5914db8a949c18b8e26?s=96&d=mm&r=g","contentUrl":"https:\/\/secure.gravatar.com\/avatar\/813eb247d5c8e5914db8a949c18b8e26?s=96&d=mm&r=g","caption":"Admin"}}]}},"jetpack_featured_media_url":"","_links":{"self":[{"href":"https:\/\/www.eurooppalainensuomi.fi\/index.php?rest_route=\/wp\/v2\/posts\/1751"}],"collection":[{"href":"https:\/\/www.eurooppalainensuomi.fi\/index.php?rest_route=\/wp\/v2\/posts"}],"about":[{"href":"https:\/\/www.eurooppalainensuomi.fi\/index.php?rest_route=\/wp\/v2\/types\/post"}],"author":[{"embeddable":true,"href":"https:\/\/www.eurooppalainensuomi.fi\/index.php?rest_route=\/wp\/v2\/users\/4"}],"replies":[{"embeddable":true,"href":"https:\/\/www.eurooppalainensuomi.fi\/index.php?rest_route=%2Fwp%2Fv2%2Fcomments&post=1751"}],"version-history":[{"count":0,"href":"https:\/\/www.eurooppalainensuomi.fi\/index.php?rest_route=\/wp\/v2\/posts\/1751\/revisions"}],"wp:attachment":[{"href":"https:\/\/www.eurooppalainensuomi.fi\/index.php?rest_route=%2Fwp%2Fv2%2Fmedia&parent=1751"}],"wp:term":[{"taxonomy":"category","embeddable":true,"href":"https:\/\/www.eurooppalainensuomi.fi\/index.php?rest_route=%2Fwp%2Fv2%2Fcategories&post=1751"},{"taxonomy":"post_tag","embeddable":true,"href":"https:\/\/www.eurooppalainensuomi.fi\/index.php?rest_route=%2Fwp%2Fv2%2Ftags&post=1751"}],"curies":[{"name":"wp","href":"https:\/\/api.w.org\/{rel}","templated":true}]}}