{"id":1170,"date":"2019-02-04T12:43:52","date_gmt":"2019-02-04T10:43:52","guid":{"rendered":"http:\/\/www.eurooppalainensuomi.fi\/?p=1170"},"modified":"2019-02-04T12:43:52","modified_gmt":"2019-02-04T10:43:52","slug":"hae-faktantarkkailijaksi-eurooppaliikkeelle","status":"publish","type":"post","link":"https:\/\/www.eurooppalainensuomi.fi\/?p=1170","title":{"rendered":"Hae faktantarkkailijaksi Eurooppaliikkeelle!"},"content":{"rendered":"\n<div class=\"wp-block-image\"><figure class=\"aligncenter\"><img src=\"https:\/\/www.eurooppalainensuomi.fi\/wp-content\/uploads\/2019\/02\/FUEU-1-1024x576.jpg\" alt=\"\" class=\"wp-image-1182\"\/><\/figure><\/div>\n\n\n\n<p>Eurooppaliikkeen yhteinen vaalikampanja on vaiheessa, miss\u00e4 kutsumme j\u00e4seni\u00e4mme, yhteisty\u00f6kumppaneitamme ja muita kiinnostuneita mukaan toimimaan faktantarkkailijoiksi vaalikev\u00e4\u00e4n ajaksi. Kaikille tarkkailijoille j\u00e4rjestet\u00e4\u00e4n koulutus Helsingiss\u00e4 14.3 tai 15.3.<br><\/p>\n\n\n\n<p>Faktantarkkailijat ovat vapaaehtoisia, tai yhteisty\u00f6kumppaneiden edustajia, jotka seuraavat vaalien eurovaalien aikana k\u00e4yt\u00e4v\u00e4\u00e4 keskustelua ja antavat sy\u00f6tteit\u00e4 Eurooppaliikkeelle ja Faktabaarille poliitikkojen, puolueiden tai vaikkapa median tekemi\u00e4 v\u00e4itteit\u00e4 tarkistettavaksi. Faktantarkkailijaksi ilmoittautumalla sitoudut osallistumaan Helsingiss\u00e4 j\u00e4rjestett\u00e4v\u00e4\u00e4n koulutukseen tai ilmaiset kiinnostuksesi kolmatta mahdollista koulutusta kohtaan.<\/p>\n\n\n\n<p><a href=\"https:\/\/goo.gl\/forms\/BuepUfP9Nokznu832\">Ilmoittaudu mukaan t\u00e4st\u00e4<\/a><\/p>\n\n\n\n<p><\/p>\n\n\n\n<p>Tervetuloa mukaan!<br><br>Lis\u00e4tietoa: <br>Jesse J\u00e4\u00e4skel\u00e4inen<br>jesse.jaaskelainen@eurooppalainensuomi.fi<br>asiantuntija, vaalit<br>Eurooppalainen Suomi<br><\/p>\n\n\n\n<p>Mikko Kym\u00e4l\u00e4inen<br>mikko.kymalainen@eurooppanuoret.fi<br>p\u00e4\u00e4sihteeri <br>Eurooppanuoret<br><\/p>\n","protected":false},"excerpt":{"rendered":"<p>Eurooppaliikkeen yhteinen vaalikampanja on vaiheessa, miss\u00e4 kutsumme j\u00e4seni\u00e4mme, yhteisty\u00f6kumppaneitamme ja muita kiinnostuneita mukaan toimimaan faktantarkkailijoiksi vaalikev\u00e4\u00e4n ajaksi. Kaikille tarkkailijoille j\u00e4rjestet\u00e4\u00e4n koulutus Helsingiss\u00e4 14.3 tai 15.3. Faktantarkkailijat ovat vapaaehtoisia, tai yhteisty\u00f6kumppaneiden edustajia, jotka seuraavat vaalien eurovaalien aikana k\u00e4yt\u00e4v\u00e4\u00e4 keskustelua ja antavat sy\u00f6tteit\u00e4 Eurooppaliikkeelle ja Faktabaarille poliitikkojen, puolueiden tai vaikkapa median tekemi\u00e4 v\u00e4itteit\u00e4 tarkistettavaksi. Faktantarkkailijaksi ilmoittautumalla sitoudut [&hellip;]<\/p>\n","protected":false},"author":4,"featured_media":0,"comment_status":"open","ping_status":"open","sticky":false,"template":"","format":"standard","meta":{"_et_pb_use_builder":"","_et_pb_old_content":"","_et_gb_content_width":""},"categories":[14,9],"tags":[],"yoast_head":"<!-- This site is optimized with the Yoast SEO plugin v19.13 - https:\/\/yoast.com\/wordpress\/plugins\/seo\/ -->\n<title>Hae faktantarkkailijaksi Eurooppaliikkeelle! - Eurooppalainen Suomi<\/title>\n<meta name=\"robots\" content=\"index, follow, max-snippet:-1, max-image-preview:large, max-video-preview:-1\" \/>\n<link rel=\"canonical\" href=\"https:\/\/www.eurooppalainensuomi.fi\/?p=1170\" \/>\n<meta property=\"og:locale\" content=\"en_US\" \/>\n<meta property=\"og:type\" content=\"article\" \/>\n<meta property=\"og:title\" content=\"Hae faktantarkkailijaksi Eurooppaliikkeelle! - Eurooppalainen Suomi\" \/>\n<meta property=\"og:description\" content=\"Eurooppaliikkeen yhteinen vaalikampanja on vaiheessa, miss\u00e4 kutsumme j\u00e4seni\u00e4mme, yhteisty\u00f6kumppaneitamme ja muita kiinnostuneita mukaan toimimaan faktantarkkailijoiksi vaalikev\u00e4\u00e4n ajaksi. Kaikille tarkkailijoille j\u00e4rjestet\u00e4\u00e4n koulutus Helsingiss\u00e4 14.3 tai 15.3. Faktantarkkailijat ovat vapaaehtoisia, tai yhteisty\u00f6kumppaneiden edustajia, jotka seuraavat vaalien eurovaalien aikana k\u00e4yt\u00e4v\u00e4\u00e4 keskustelua ja antavat sy\u00f6tteit\u00e4 Eurooppaliikkeelle ja Faktabaarille poliitikkojen, puolueiden tai vaikkapa median tekemi\u00e4 v\u00e4itteit\u00e4 tarkistettavaksi. Faktantarkkailijaksi ilmoittautumalla sitoudut [&hellip;]\" \/>\n<meta property=\"og:url\" content=\"https:\/\/www.eurooppalainensuomi.fi\/?p=1170\" \/>\n<meta property=\"og:site_name\" content=\"Eurooppalainen Suomi\" \/>\n<meta property=\"article:publisher\" content=\"https:\/\/www.facebook.com\/eurooppalainensuomi\" \/>\n<meta property=\"article:published_time\" content=\"2019-02-04T10:43:52+00:00\" \/>\n<meta property=\"og:image\" content=\"https:\/\/www.eurooppalainensuomi.fi\/wp-content\/uploads\/2019\/02\/FUEU-1-1024x576.jpg\" \/>\n<meta name=\"author\" content=\"Admin\" \/>\n<meta name=\"twitter:card\" content=\"summary_large_image\" \/>\n<meta name=\"twitter:creator\" content=\"@em_finland\" \/>\n<meta name=\"twitter:site\" content=\"@em_finland\" \/>\n<meta name=\"twitter:label1\" content=\"Written by\" \/>\n\t<meta name=\"twitter:data1\" content=\"Admin\" \/>\n\t<meta name=\"twitter:label2\" content=\"Est. reading time\" \/>\n\t<meta name=\"twitter:data2\" content=\"1 minute\" \/>\n<script type=\"application\/ld+json\" class=\"yoast-schema-graph\">{\"@context\":\"https:\/\/schema.org\",\"@graph\":[{\"@type\":\"Article\",\"@id\":\"https:\/\/www.eurooppalainensuomi.fi\/?p=1170#article\",\"isPartOf\":{\"@id\":\"https:\/\/www.eurooppalainensuomi.fi\/?p=1170\"},\"author\":{\"name\":\"Admin\",\"@id\":\"https:\/\/www.eurooppalainensuomi.fi\/#\/schema\/person\/9635843384121bb89ed49f8d3129daee\"},\"headline\":\"Hae faktantarkkailijaksi Eurooppaliikkeelle!\",\"datePublished\":\"2019-02-04T10:43:52+00:00\",\"dateModified\":\"2019-02-04T10:43:52+00:00\",\"mainEntityOfPage\":{\"@id\":\"https:\/\/www.eurooppalainensuomi.fi\/?p=1170\"},\"wordCount\":107,\"commentCount\":0,\"publisher\":{\"@id\":\"https:\/\/www.eurooppalainensuomi.fi\/#organization\"},\"articleSection\":[\"Tiedotteet\",\"Uutiset\"],\"inLanguage\":\"en\",\"potentialAction\":[{\"@type\":\"CommentAction\",\"name\":\"Comment\",\"target\":[\"https:\/\/www.eurooppalainensuomi.fi\/?p=1170#respond\"]}]},{\"@type\":\"WebPage\",\"@id\":\"https:\/\/www.eurooppalainensuomi.fi\/?p=1170\",\"url\":\"https:\/\/www.eurooppalainensuomi.fi\/?p=1170\",\"name\":\"Hae faktantarkkailijaksi Eurooppaliikkeelle! - Eurooppalainen Suomi\",\"isPartOf\":{\"@id\":\"https:\/\/www.eurooppalainensuomi.fi\/#website\"},\"datePublished\":\"2019-02-04T10:43:52+00:00\",\"dateModified\":\"2019-02-04T10:43:52+00:00\",\"breadcrumb\":{\"@id\":\"https:\/\/www.eurooppalainensuomi.fi\/?p=1170#breadcrumb\"},\"inLanguage\":\"en\",\"potentialAction\":[{\"@type\":\"ReadAction\",\"target\":[\"https:\/\/www.eurooppalainensuomi.fi\/?p=1170\"]}]},{\"@type\":\"BreadcrumbList\",\"@id\":\"https:\/\/www.eurooppalainensuomi.fi\/?p=1170#breadcrumb\",\"itemListElement\":[{\"@type\":\"ListItem\",\"position\":1,\"name\":\"Etusivu\",\"item\":\"https:\/\/www.eurooppalainensuomi.fi\/\"},{\"@type\":\"ListItem\",\"position\":2,\"name\":\"Hae faktantarkkailijaksi Eurooppaliikkeelle!\"}]},{\"@type\":\"WebSite\",\"@id\":\"https:\/\/www.eurooppalainensuomi.fi\/#website\",\"url\":\"https:\/\/www.eurooppalainensuomi.fi\/\",\"name\":\"Eurooppalainen Suomi\",\"description\":\"Parempaa Eurooppaa rakentamassa\",\"publisher\":{\"@id\":\"https:\/\/www.eurooppalainensuomi.fi\/#organization\"},\"potentialAction\":[{\"@type\":\"SearchAction\",\"target\":{\"@type\":\"EntryPoint\",\"urlTemplate\":\"https:\/\/www.eurooppalainensuomi.fi\/?s={search_term_string}\"},\"query-input\":\"required name=search_term_string\"}],\"inLanguage\":\"en\"},{\"@type\":\"Organization\",\"@id\":\"https:\/\/www.eurooppalainensuomi.fi\/#organization\",\"name\":\"Eurooppalainen Suomi ry\",\"url\":\"https:\/\/www.eurooppalainensuomi.fi\/\",\"logo\":{\"@type\":\"ImageObject\",\"inLanguage\":\"en\",\"@id\":\"https:\/\/www.eurooppalainensuomi.fi\/#\/schema\/logo\/image\/\",\"url\":\"https:\/\/www.eurooppalainensuomi.fi\/wp-content\/uploads\/2021\/01\/PNG_large.png\",\"contentUrl\":\"https:\/\/www.eurooppalainensuomi.fi\/wp-content\/uploads\/2021\/01\/PNG_large.png\",\"width\":586,\"height\":220,\"caption\":\"Eurooppalainen Suomi ry\"},\"image\":{\"@id\":\"https:\/\/www.eurooppalainensuomi.fi\/#\/schema\/logo\/image\/\"},\"sameAs\":[\"https:\/\/instagram.com\/eurooppalainensuomi\",\"https:\/\/www.youtube.com\/channel\/UCBeqyrm1ze2RinjeAYS_-Jg\",\"https:\/\/fi.wikipedia.org\/wiki\/Eurooppalainen_Suomi\",\"https:\/\/www.facebook.com\/eurooppalainensuomi\",\"https:\/\/twitter.com\/em_finland\"]},{\"@type\":\"Person\",\"@id\":\"https:\/\/www.eurooppalainensuomi.fi\/#\/schema\/person\/9635843384121bb89ed49f8d3129daee\",\"name\":\"Admin\",\"image\":{\"@type\":\"ImageObject\",\"inLanguage\":\"en\",\"@id\":\"https:\/\/www.eurooppalainensuomi.fi\/#\/schema\/person\/image\/\",\"url\":\"https:\/\/secure.gravatar.com\/avatar\/813eb247d5c8e5914db8a949c18b8e26?s=96&d=mm&r=g\",\"contentUrl\":\"https:\/\/secure.gravatar.com\/avatar\/813eb247d5c8e5914db8a949c18b8e26?s=96&d=mm&r=g\",\"caption\":\"Admin\"}}]}<\/script>\n<!-- \/ Yoast SEO plugin. -->","yoast_head_json":{"title":"Hae faktantarkkailijaksi Eurooppaliikkeelle! - Eurooppalainen Suomi","robots":{"index":"index","follow":"follow","max-snippet":"max-snippet:-1","max-image-preview":"max-image-preview:large","max-video-preview":"max-video-preview:-1"},"canonical":"https:\/\/www.eurooppalainensuomi.fi\/?p=1170","og_locale":"en_US","og_type":"article","og_title":"Hae faktantarkkailijaksi Eurooppaliikkeelle! - Eurooppalainen Suomi","og_description":"Eurooppaliikkeen yhteinen vaalikampanja on vaiheessa, miss\u00e4 kutsumme j\u00e4seni\u00e4mme, yhteisty\u00f6kumppaneitamme ja muita kiinnostuneita mukaan toimimaan faktantarkkailijoiksi vaalikev\u00e4\u00e4n ajaksi. Kaikille tarkkailijoille j\u00e4rjestet\u00e4\u00e4n koulutus Helsingiss\u00e4 14.3 tai 15.3. Faktantarkkailijat ovat vapaaehtoisia, tai yhteisty\u00f6kumppaneiden edustajia, jotka seuraavat vaalien eurovaalien aikana k\u00e4yt\u00e4v\u00e4\u00e4 keskustelua ja antavat sy\u00f6tteit\u00e4 Eurooppaliikkeelle ja Faktabaarille poliitikkojen, puolueiden tai vaikkapa median tekemi\u00e4 v\u00e4itteit\u00e4 tarkistettavaksi. Faktantarkkailijaksi ilmoittautumalla sitoudut [&hellip;]","og_url":"https:\/\/www.eurooppalainensuomi.fi\/?p=1170","og_site_name":"Eurooppalainen Suomi","article_publisher":"https:\/\/www.facebook.com\/eurooppalainensuomi","article_published_time":"2019-02-04T10:43:52+00:00","og_image":[{"url":"https:\/\/www.eurooppalainensuomi.fi\/wp-content\/uploads\/2019\/02\/FUEU-1-1024x576.jpg"}],"author":"Admin","twitter_card":"summary_large_image","twitter_creator":"@em_finland","twitter_site":"@em_finland","twitter_misc":{"Written by":"Admin","Est. reading time":"1 minute"},"schema":{"@context":"https:\/\/schema.org","@graph":[{"@type":"Article","@id":"https:\/\/www.eurooppalainensuomi.fi\/?p=1170#article","isPartOf":{"@id":"https:\/\/www.eurooppalainensuomi.fi\/?p=1170"},"author":{"name":"Admin","@id":"https:\/\/www.eurooppalainensuomi.fi\/#\/schema\/person\/9635843384121bb89ed49f8d3129daee"},"headline":"Hae faktantarkkailijaksi Eurooppaliikkeelle!","datePublished":"2019-02-04T10:43:52+00:00","dateModified":"2019-02-04T10:43:52+00:00","mainEntityOfPage":{"@id":"https:\/\/www.eurooppalainensuomi.fi\/?p=1170"},"wordCount":107,"commentCount":0,"publisher":{"@id":"https:\/\/www.eurooppalainensuomi.fi\/#organization"},"articleSection":["Tiedotteet","Uutiset"],"inLanguage":"en","potentialAction":[{"@type":"CommentAction","name":"Comment","target":["https:\/\/www.eurooppalainensuomi.fi\/?p=1170#respond"]}]},{"@type":"WebPage","@id":"https:\/\/www.eurooppalainensuomi.fi\/?p=1170","url":"https:\/\/www.eurooppalainensuomi.fi\/?p=1170","name":"Hae faktantarkkailijaksi Eurooppaliikkeelle! - Eurooppalainen Suomi","isPartOf":{"@id":"https:\/\/www.eurooppalainensuomi.fi\/#website"},"datePublished":"2019-02-04T10:43:52+00:00","dateModified":"2019-02-04T10:43:52+00:00","breadcrumb":{"@id":"https:\/\/www.eurooppalainensuomi.fi\/?p=1170#breadcrumb"},"inLanguage":"en","potentialAction":[{"@type":"ReadAction","target":["https:\/\/www.eurooppalainensuomi.fi\/?p=1170"]}]},{"@type":"BreadcrumbList","@id":"https:\/\/www.eurooppalainensuomi.fi\/?p=1170#breadcrumb","itemListElement":[{"@type":"ListItem","position":1,"name":"Etusivu","item":"https:\/\/www.eurooppalainensuomi.fi\/"},{"@type":"ListItem","position":2,"name":"Hae faktantarkkailijaksi Eurooppaliikkeelle!"}]},{"@type":"WebSite","@id":"https:\/\/www.eurooppalainensuomi.fi\/#website","url":"https:\/\/www.eurooppalainensuomi.fi\/","name":"Eurooppalainen Suomi","description":"Parempaa Eurooppaa rakentamassa","publisher":{"@id":"https:\/\/www.eurooppalainensuomi.fi\/#organization"},"potentialAction":[{"@type":"SearchAction","target":{"@type":"EntryPoint","urlTemplate":"https:\/\/www.eurooppalainensuomi.fi\/?s={search_term_string}"},"query-input":"required name=search_term_string"}],"inLanguage":"en"},{"@type":"Organization","@id":"https:\/\/www.eurooppalainensuomi.fi\/#organization","name":"Eurooppalainen Suomi ry","url":"https:\/\/www.eurooppalainensuomi.fi\/","logo":{"@type":"ImageObject","inLanguage":"en","@id":"https:\/\/www.eurooppalainensuomi.fi\/#\/schema\/logo\/image\/","url":"https:\/\/www.eurooppalainensuomi.fi\/wp-content\/uploads\/2021\/01\/PNG_large.png","contentUrl":"https:\/\/www.eurooppalainensuomi.fi\/wp-content\/uploads\/2021\/01\/PNG_large.png","width":586,"height":220,"caption":"Eurooppalainen Suomi ry"},"image":{"@id":"https:\/\/www.eurooppalainensuomi.fi\/#\/schema\/logo\/image\/"},"sameAs":["https:\/\/instagram.com\/eurooppalainensuomi","https:\/\/www.youtube.com\/channel\/UCBeqyrm1ze2RinjeAYS_-Jg","https:\/\/fi.wikipedia.org\/wiki\/Eurooppalainen_Suomi","https:\/\/www.facebook.com\/eurooppalainensuomi","https:\/\/twitter.com\/em_finland"]},{"@type":"Person","@id":"https:\/\/www.eurooppalainensuomi.fi\/#\/schema\/person\/9635843384121bb89ed49f8d3129daee","name":"Admin","image":{"@type":"ImageObject","inLanguage":"en","@id":"https:\/\/www.eurooppalainensuomi.fi\/#\/schema\/person\/image\/","url":"https:\/\/secure.gravatar.com\/avatar\/813eb247d5c8e5914db8a949c18b8e26?s=96&d=mm&r=g","contentUrl":"https:\/\/secure.gravatar.com\/avatar\/813eb247d5c8e5914db8a949c18b8e26?s=96&d=mm&r=g","caption":"Admin"}}]}},"jetpack_featured_media_url":"","_links":{"self":[{"href":"https:\/\/www.eurooppalainensuomi.fi\/index.php?rest_route=\/wp\/v2\/posts\/1170"}],"collection":[{"href":"https:\/\/www.eurooppalainensuomi.fi\/index.php?rest_route=\/wp\/v2\/posts"}],"about":[{"href":"https:\/\/www.eurooppalainensuomi.fi\/index.php?rest_route=\/wp\/v2\/types\/post"}],"author":[{"embeddable":true,"href":"https:\/\/www.eurooppalainensuomi.fi\/index.php?rest_route=\/wp\/v2\/users\/4"}],"replies":[{"embeddable":true,"href":"https:\/\/www.eurooppalainensuomi.fi\/index.php?rest_route=%2Fwp%2Fv2%2Fcomments&post=1170"}],"version-history":[{"count":0,"href":"https:\/\/www.eurooppalainensuomi.fi\/index.php?rest_route=\/wp\/v2\/posts\/1170\/revisions"}],"wp:attachment":[{"href":"https:\/\/www.eurooppalainensuomi.fi\/index.php?rest_route=%2Fwp%2Fv2%2Fmedia&parent=1170"}],"wp:term":[{"taxonomy":"category","embeddable":true,"href":"https:\/\/www.eurooppalainensuomi.fi\/index.php?rest_route=%2Fwp%2Fv2%2Fcategories&post=1170"},{"taxonomy":"post_tag","embeddable":true,"href":"https:\/\/www.eurooppalainensuomi.fi\/index.php?rest_route=%2Fwp%2Fv2%2Ftags&post=1170"}],"curies":[{"name":"wp","href":"https:\/\/api.w.org\/{rel}","templated":true}]}}